{"id":21290,"date":"2024-06-06T14:17:38","date_gmt":"2024-06-06T17:17:38","guid":{"rendered":"https:\/\/viajepragramado.com.br\/?p=21290"},"modified":"2026-08-03T14:59:26","modified_gmt":"2026-08-03T17:59:26","slug":"como-llegar-del-aeropuerto-de-canoas-a-gramado","status":"publish","type":"post","link":"https:\/\/viajepragramado.com.br\/es\/como-llegar-del-aeropuerto-de-canoas-a-gramado\/","title":{"rendered":"Del aeropuerto de Canoas a Gramado: \u00bfYa no hay vuelos? C\u00f3mo llegar en 2026"},"content":{"rendered":"<p class=\"wp-block-paragraph\">\u00bfHas buscado un vuelo a la Base A\u00e9rea de Canoas y quieres saber c\u00f3mo llegar a Gramado? Aqu\u00ed tienes la respuesta directa, sin rodeos:<\/p>\n\n\n\n<p class=\"wp-block-paragraph\"><strong>La Base A\u00e9rea de Canoas ya no recibe vuelos comerciales.<\/strong> La operaci\u00f3n fue una soluci\u00f3n de emergencia durante las inundaciones de 2024 y finaliz\u00f3 en octubre de ese a\u00f1o, cuando el aeropuerto Salgado Filho, en Porto Alegre, volvi\u00f3 a entrar en funcionamiento. Hoy en d\u00eda, todos los vuelos con destino a la regi\u00f3n llegan por el <strong>Salgado Filho<\/strong> \u2014 y desde all\u00ed es de donde saldr\u00e1s hacia Gramado.<\/p>\n\n\n\n<p class=\"wp-block-paragraph\">En esta gu\u00eda actualizada vas a encontrar: qu\u00e9 pas\u00f3 con los vuelos de Canoas, c\u00f3mo ir desde Salgado Filho a Gramado (traslado, micro y auto, con precios), y qu\u00e9 hacer si est\u00e1s en la ciudad de Canoas y necesit\u00e1s subir a la sierra.<\/p>\n\n\n\n<h2 class=\"wp-block-heading\">\u23f1\ufe0f Lo esencial en 30 segundos<\/h2>\n\n\n\n<ul class=\"wp-block-list\">\n<li><strong>Vuelos en Canoas:<\/strong> cerradas desde octubre de 2024. La base volvi\u00f3 a ser exclusivamente militar.<\/li>\n\n\n\n<li><strong>Aeropuerto actual:<\/strong> Salgado Filho (Porto Alegre), a unos 115 km de Gramado \u2014 unas 2 horas de viaje.<\/li>\n\n\n\n<li><strong>Las mejores opciones:<\/strong> traslado (puerta a puerta), micro de l\u00ednea (m\u00e1s barato) o auto de alquiler (m\u00e1s libertad).<\/li>\n\n\n\n<li><strong>De Canoas (ciudad) a Gramado:<\/strong> unos 100 km por la BR-116 y la RS-115, aproximadamente 1 h 40 min en auto.<\/li>\n<\/ul>\n\n\n\n<h2 class=\"wp-block-heading\">\u00bfQu\u00e9 ha pasado con los vuelos del aeropuerto de Canoas?<\/h2>\n\n\n\n<p class=\"wp-block-paragraph\">Durante las inundaciones de mayo de 2024, el aeropuerto Salgado Filho qued\u00f3 completamente anegado y permaneci\u00f3 cerrado durante casi seis meses. Para evitar que el estado quedara aislado, la Base A\u00e9rea de Canoas se adapt\u00f3 a toda prisa y acogi\u00f3 vuelos comerciales de Latam, Gol y Azul, con un mostrador de facturaci\u00f3n improvisado en el ParkShopping Canoas.<\/p>\n\n\n\n<p class=\"wp-block-paragraph\">Fue una operaci\u00f3n heroica, aunque temporal. El 21 de octubre de 2024, con la reapertura del aeropuerto Salgado Filho, se suspendieron los vuelos comerciales en Canoas. Desde entonces, la base ha vuelto a su funci\u00f3n original, exclusivamente militar.<\/p>\n\n\n\n<p class=\"wp-block-paragraph\">Es decir: si est\u00e1s planeando el viaje ahora, <strong>no tenga en cuenta Canoas como opci\u00f3n de desembarque<\/strong>. Su vuelo aterrizar\u00e1 en el aeropuerto Salgado Filho, en Porto Alegre.<\/p>\n\n\n\n<h2 class=\"wp-block-heading\">C\u00f3mo ir del aeropuerto Salgado Filho a Gramado<\/h2>\n\n\n\n<p class=\"wp-block-paragraph\">Hay unos 115 km entre el aeropuerto y Gramado, un trayecto de aproximadamente 2 horas. Tienes tres opciones principales:<\/p>\n\n\n\n<h3 class=\"wp-block-heading\">1. Traslado compartido o privado (la opci\u00f3n m\u00e1s pr\u00e1ctica)<\/h3>\n\n\n\n<p class=\"wp-block-paragraph\">El servicio de traslado te recoge en la zona de llegadas y te deja en la puerta del hotel en Gramado o Canela. El servicio compartido cuesta entre 90 y 130 R$ por persona; el privado, entre 350 y 500 R$ por veh\u00edculo, y resulta muy rentable para familias y grupos.<\/p>\n\n\n\n<p class=\"wp-block-paragraph\">Es la opci\u00f3n ideal para quienes no van a manejar: sin esperas de micro, sin transbordos y con un horario que se adapta al vuelo.<\/p>\n\n\n\n<h3 class=\"wp-block-heading\">2. Micro de l\u00ednea (la opci\u00f3n m\u00e1s barata)<\/h3>\n\n\n\n<p class=\"wp-block-paragraph\">Citral opera la l\u00ednea Porto Alegre \u2194 Gramado con salida desde la terminal de micros de la capital; los pasajes cuestan entre 40 y 60 R$ y el viaje dura unas 2 horas y media. Del aeropuerto a la terminal, lo resolv\u00e9s con un trayecto corto en una app de transporte o en taxi.<\/p>\n\n\n\n<p class=\"wp-block-paragraph\">Pero hay un detalle importante: consulta los horarios con antelaci\u00f3n, sobre todo en el caso de los vuelos que llegan por la noche, ya que las \u00faltimas salidas suelen ser a \u00faltima hora de la tarde.<\/p>\n\n\n\n<h3 class=\"wp-block-heading\">3. Auto de alquiler (la opci\u00f3n con m\u00e1s libertad)<\/h3>\n\n\n\n<p class=\"wp-block-paragraph\">Las empresas de alquiler de autos est\u00e1n en la misma zona de llegadas del aeropuerto de Salgado Filho. El trayecto es sencillo: por la BR-116 hasta S\u00e3o Francisco de Paula o por la RS-115 pasando por Taquara, subiendo por la sierra hasta Gramado. La ruta est\u00e1 en buen estado, bien se\u00f1alizada y ofrece un paisaje que ya forma parte del recorrido.<\/p>\n\n\n\n<p class=\"wp-block-paragraph\">\u00bfVale la pena alquilar un auto? Si el itinerario se limita a Gramado y Canela, alcanza con los traslados y las apps de transporte. Si quer\u00e9s hacer escapadas de un d\u00eda (los ca\u00f1ones de Cambar\u00e1, las bodegas del Valle de los Vi\u00f1edos), entonces el auto vale la pena.<\/p>\n\n\n\n<h2 class=\"wp-block-heading\">Estoy en la ciudad de Canoas. \u00bfC\u00f3mo puedo llegar a Gramado?<\/h2>\n\n\n\n<p class=\"wp-block-paragraph\">Si viv\u00eds o te aloj\u00e1s en Canoas, el trayecto hasta Gramado es de unos 100 km y tarda aproximadamente 1 h 40 min en auto: tom\u00e1 la BR-116 en direcci\u00f3n norte y luego la RS-115 (por Taquara y Tr\u00eas Coroas), subiendo por la sierra hasta Gramado.<\/p>\n\n\n\n<p class=\"wp-block-paragraph\">Si no ten\u00e9s auto, la alternativa es ir hasta la terminal de micros de Porto Alegre (o subir en alguna de las paradas de la BR-116, seg\u00fan la l\u00ednea) y continuar en el micro de Citral hasta Gramado.<\/p>\n\n\n\n<h2 class=\"wp-block-heading\">Preguntas m\u00e1s frecuentes<\/h2>\n\n\n\n<p class=\"wp-block-paragraph\"><strong>\u00bfSigue recibiendo vuelos comerciales el aeropuerto de Canoas?<\/strong><br>No. Los vuelos comerciales en la Base A\u00e9rea de Canoas formaron parte de una operaci\u00f3n de emergencia durante las inundaciones de 2024 y finalizaron en octubre de ese a\u00f1o. Hoy en d\u00eda, todos los vuelos de la regi\u00f3n llegan al aeropuerto Salgado Filho, en Porto Alegre.<\/p>\n\n\n\n<p class=\"wp-block-paragraph\"><strong>\u00bfQu\u00e9 aeropuerto hay que utilizar para ir a Gramado?<\/strong><br>El Aeropuerto Internacional Salgado Filho (POA), en Porto Alegre. Desde all\u00ed hasta Gramado hay unos 115 km \u2014 alrededor de 2 horas en traslado, auto o micro.<\/p>\n\n\n\n<p class=\"wp-block-paragraph\"><strong>\u00bfCu\u00e1nto cuesta el traslado desde el aeropuerto hasta Gramado?<\/strong><br>El precio del servicio compartido oscila entre R$ 90 y R$ 130 por persona; el del servicio privado, entre R$ 350 y R$ 500 por veh\u00edculo. Las tarifas var\u00edan seg\u00fan la temporada y la hora.<\/p>\n\n\n\n<p class=\"wp-block-paragraph\"><strong>\u00bfHay micro directo de Porto Alegre a Gramado?<\/strong><br>S\u00ed, Citral opera la l\u00ednea desde la terminal de micros de Porto Alegre; el viaje dura unas 2 horas y media y el pasaje cuesta entre 40 y 60 R$.<\/p>\n\n\n\n<p class=\"wp-block-paragraph\"><strong>\u00bfCu\u00e1nto tiempo se tarda en llegar de Canoas (ciudad) a Gramado?<\/strong><br>Unos 100 km, aproximadamente 1 h 40 min en auto por la BR-116 y la RS-115.<\/p>\n\n\n\n<h2 class=\"wp-block-heading\">Ahora que ya sabes c\u00f3mo llegar, planifica el resto del viaje<\/h2>\n\n\n\n<p class=\"wp-block-paragraph\">El transporte es solo el primer paso. Para organizar todo el viaje \u2014cu\u00e1nto cuesta, cu\u00e1ntos d\u00edas quedarte e itinerarios preparados de entre 3 y 5 d\u00edas\u2014, empieza por nuestra gu\u00eda completa de <a href=\"https:\/\/viajepragramado.com.br\/es\/viaje-a-gramado-2026\/\"><strong>Viaje a Gramado en 2026<\/strong><\/a>.<\/p>\n\n\n\n<p class=\"wp-block-paragraph\">Y a la hora de reservar las excursiones, aseg\u00farate de comprar las entradas por adelantado en nuestra <a href=\"https:\/\/viajepragramado.com.br\/es\/entradas-para-parques-y-atracciones\/\">p\u00e1gina de entradas<\/a> con el cup\u00f3n <strong>OVIAJANTE<\/strong> \u2014 Pagas menos y te saltas la cola de la taquilla.<\/p>\n\n\n<div class=\"kk-star-ratings kksr-auto kksr-align-left kksr-valign-bottom\"\n    data-payload='{&quot;align&quot;:&quot;left&quot;,&quot;id&quot;:&quot;21290&quot;,&quot;slug&quot;:&quot;default&quot;,&quot;valign&quot;:&quot;bottom&quot;,&quot;ignore&quot;:&quot;&quot;,&quot;reference&quot;:&quot;auto&quot;,&quot;class&quot;:&quot;&quot;,&quot;count&quot;:&quot;2&quot;,&quot;legendonly&quot;:&quot;&quot;,&quot;readonly&quot;:&quot;&quot;,&quot;score&quot;:&quot;4&quot;,&quot;starsonly&quot;:&quot;&quot;,&quot;best&quot;:&quot;5&quot;,&quot;gap&quot;:&quot;5&quot;,&quot;greet&quot;:&quot;Vote Aqui&quot;,&quot;legend&quot;:&quot;4\\\/5 - (2 votes)&quot;,&quot;size&quot;:&quot;24&quot;,&quot;title&quot;:&quot;Aeroporto de Canoas a Gramado: Voos Acabaram? Como Chegar em 2026&quot;,&quot;width&quot;:&quot;113.5&quot;,&quot;_legend&quot;:&quot;{score}\\\/{best} - ({count} {votes})&quot;,&quot;font_factor&quot;:&quot;1.25&quot;}'>\n            \n<div class=\"kksr-stars\">\n    \n<div class=\"kksr-stars-inactive\">\n            <div class=\"kksr-star\" data-star=\"1\" style=\"padding-right: 5px\">\n            \n\n<div class=\"kksr-icon\" style=\"width: 24px; height: 24px;\"><\/div>\n        <\/div>\n            <div class=\"kksr-star\" data-star=\"2\" style=\"padding-right: 5px\">\n            \n\n<div class=\"kksr-icon\" style=\"width: 24px; height: 24px;\"><\/div>\n        <\/div>\n            <div class=\"kksr-star\" data-star=\"3\" style=\"padding-right: 5px\">\n            \n\n<div class=\"kksr-icon\" style=\"width: 24px; height: 24px;\"><\/div>\n        <\/div>\n            <div class=\"kksr-star\" data-star=\"4\" style=\"padding-right: 5px\">\n            \n\n<div class=\"kksr-icon\" style=\"width: 24px; height: 24px;\"><\/div>\n        <\/div>\n            <div class=\"kksr-star\" data-star=\"5\" style=\"padding-right: 5px\">\n            \n\n<div class=\"kksr-icon\" style=\"width: 24px; height: 24px;\"><\/div>\n        <\/div>\n    <\/div>\n    \n<div class=\"kksr-stars-active\" style=\"width: 113.5px;\">\n            <div class=\"kksr-star\" style=\"padding-right: 5px\">\n            \n\n<div class=\"kksr-icon\" style=\"width: 24px; height: 24px;\"><\/div>\n        <\/div>\n            <div class=\"kksr-star\" style=\"padding-right: 5px\">\n            \n\n<div class=\"kksr-icon\" style=\"width: 24px; height: 24px;\"><\/div>\n        <\/div>\n            <div class=\"kksr-star\" style=\"padding-right: 5px\">\n            \n\n<div class=\"kksr-icon\" style=\"width: 24px; height: 24px;\"><\/div>\n        <\/div>\n            <div class=\"kksr-star\" style=\"padding-right: 5px\">\n            \n\n<div class=\"kksr-icon\" style=\"width: 24px; height: 24px;\"><\/div>\n        <\/div>\n            <div class=\"kksr-star\" style=\"padding-right: 5px\">\n            \n\n<div class=\"kksr-icon\" style=\"width: 24px; height: 24px;\"><\/div>\n        <\/div>\n    <\/div>\n<\/div>\n                \n\n<div class=\"kksr-legend\" style=\"font-size: 19.2px;\">\n            4\/5 - (2 votos)    <\/div>\n    <\/div>","protected":false},"excerpt":{"rendered":"<p>Descubra c\u00f3mo llegar del Aeropuerto de Canoas a Gramado y c\u00f3mo ahorrar en la Serra Ga\u00facha con cupones de descuento exclusivos.<\/p>","protected":false},"author":1,"featured_media":21291,"comment_status":"open","ping_status":"open","sticky":false,"template":"","format":"standard","meta":{"footnotes":""},"categories":[153,201],"tags":[],"class_list":["post-21290","post","type-post","status-publish","format-standard","has-post-thumbnail","hentry","category-dicas","category-cupom-de-desconto"],"featured_image_src":"https:\/\/viajepragramado.com.br\/wp-content\/uploads\/2024\/06\/Como-ir-do-Aeroporto-de-Canoas-a-Gramado.jpg","author_info":{"display_name":"Jonatas Kapczynski","author_link":"https:\/\/viajepragramado.com.br\/es\/author\/jonatas\/"},"_links":{"self":[{"href":"https:\/\/viajepragramado.com.br\/es\/wp-json\/wp\/v2\/posts\/21290","targetHints":{"allow":["GET"]}}],"collection":[{"href":"https:\/\/viajepragramado.com.br\/es\/wp-json\/wp\/v2\/posts"}],"about":[{"href":"https:\/\/viajepragramado.com.br\/es\/wp-json\/wp\/v2\/types\/post"}],"author":[{"embeddable":true,"href":"https:\/\/viajepragramado.com.br\/es\/wp-json\/wp\/v2\/users\/1"}],"replies":[{"embeddable":true,"href":"https:\/\/viajepragramado.com.br\/es\/wp-json\/wp\/v2\/comments?post=21290"}],"version-history":[{"count":0,"href":"https:\/\/viajepragramado.com.br\/es\/wp-json\/wp\/v2\/posts\/21290\/revisions"}],"wp:featuredmedia":[{"embeddable":true,"href":"https:\/\/viajepragramado.com.br\/es\/wp-json\/wp\/v2\/media\/21291"}],"wp:attachment":[{"href":"https:\/\/viajepragramado.com.br\/es\/wp-json\/wp\/v2\/media?parent=21290"}],"wp:term":[{"taxonomy":"category","embeddable":true,"href":"https:\/\/viajepragramado.com.br\/es\/wp-json\/wp\/v2\/categories?post=21290"},{"taxonomy":"post_tag","embeddable":true,"href":"https:\/\/viajepragramado.com.br\/es\/wp-json\/wp\/v2\/tags?post=21290"}],"curies":[{"name":"wp","href":"https:\/\/api.w.org\/{rel}","templated":true}]}}