{"id":22716,"date":"2026-07-27T11:05:32","date_gmt":"2026-07-27T14:05:32","guid":{"rendered":"https:\/\/viajepragramado.com.br\/?p=22716"},"modified":"2026-07-27T11:06:35","modified_gmt":"2026-07-27T14:06:35","slug":"cupon-cafe-colonial-bela-vista-en-gramado","status":"publish","type":"post","link":"https:\/\/viajepragramado.com.br\/es\/cupon-cafe-colonial-bela-vista-en-gramado\/","title":{"rendered":"Cup\u00f3n de Caf\u00e9 Colonial Bela Vista en Gramado: 10% de descuento con OVIAJANTE"},"content":{"rendered":"<p class=\"wp-block-paragraph\">\u00bfQuieres conocer la primera cafeter\u00eda colonial de Brasil sin gastarte mucho? Has dado con el sitio adecuado.<\/p>\n\n\n\n<p class=\"wp-block-paragraph\">O <strong>Caf\u00e9 Colonial Bela Vista<\/strong> Es el restaurante m\u00e1s tradicional de Gramado: abri\u00f3 sus puertas en 1972 y ofrece m\u00e1s de 80 delicias servidas en la mesa, a voluntad. Y con el cup\u00f3n <strong>OVIAJANTE<\/strong> usted garantiza <strong>Descuento 10%<\/strong> al comprar el vale por adelantado.<\/p>\n\n\n\n<p class=\"wp-block-paragraph\">En esta gu\u00eda encontrar\u00e1s el cup\u00f3n del Caf\u00e9 Colonial Bela Vista, las instrucciones paso a paso para canjearlo, lo que incluye, los horarios y una comparaci\u00f3n con los dem\u00e1s caf\u00e9s coloniales de la regi\u00f3n.<\/p>\n\n\n\n<p class=\"wp-block-paragraph\"><strong>Toma nota de este consejo:<\/strong> El descuento solo es v\u00e1lido para la compra anticipada por Internet. Quien pague en taquilla, pagar\u00e1 el precio completo.<\/p>\n\n\n\n<p class=\"wp-block-paragraph\">\ud83d\udc49 <strong><a href=\"https:\/\/parksnet.com.br\/ingressos\/?ingToken=belavista&amp;bookingAgency=21&amp;utm_source=Afiliado05\" target=\"_blank\" rel=\"noopener nofollow sponsored\">Compra con un descuento de 10% utilizando el cup\u00f3n OVIAJANTE<\/a><\/strong><\/p>\n\n\n\n<h2 class=\"wp-block-heading\">\u26a1 Lo esencial en 30 segundos<\/h2>\n\n\n\n<ul class=\"wp-block-list\">\n<li><strong>Cup\u00f3n:<\/strong> OVIAJANTE \u2014 <strong>Descuento 10%<\/strong>, aplicado al finalizar la compra<\/li>\n\n\n\n<li><strong>Precio:<\/strong> alrededor de R$ 150 en ventanilla \u00b7 a partir de <strong>R$ 129,90<\/strong> en la compra anticipada<\/li>\n\n\n\n<li><strong>Econom\u00eda real:<\/strong> de R$ 13 a R$ 15 por persona: una familia de cuatro miembros ahorra hasta <strong>R$ 60<\/strong><\/li>\n\n\n\n<li><strong>Direcci\u00f3n:<\/strong> Av. das Hort\u00eansias, 3500 \u2014 Vila Su\u00ed\u00e7a, Gramado\/RS (aparcamiento propio gratuito)<\/li>\n\n\n\n<li><strong>Horario:<\/strong> De lunes a viernes, de 11:00 a 22:30 \u00b7 S\u00e1bados, domingos y festivos, de 10:00 a 22:30<\/li>\n\n\n\n<li><strong>Hijos:<\/strong> hasta los 4 a\u00f1os, gratis \u00b7 de 5 a 9 a\u00f1os, pagan la mitad<\/li>\n<\/ul>\n\n\n\n<h2 class=\"wp-block-heading\">C\u00f3mo canjear el cup\u00f3n OVIAJANTE en el Caf\u00e9 Colonial Bela Vista<\/h2>\n\n\n\n<p class=\"wp-block-paragraph\">El proceso dura menos de dos minutos:<\/p>\n\n\n\n<ol class=\"wp-block-list\">\n<li>Accede a la <a href=\"https:\/\/parksnet.com.br\/ingressos\/?ingToken=belavista&amp;bookingAgency=21&amp;utm_source=Afiliado05\" target=\"_blank\" rel=\"noopener nofollow sponsored\">p\u00e1gina de compra de Bela Vista<\/a><\/li>\n\n\n\n<li>Elija el <strong>fecha<\/strong> y <strong>n\u00famero de personas<\/strong> (adultos, ni\u00f1os)<\/li>\n\n\n\n<li>Ve al carrito y busca el campo <strong>\u201ccup\u00f3n de descuento\u201d<\/strong><\/li>\n\n\n\n<li>Tipo <strong>OVIAJANTE<\/strong> y haz clic en \u00abAplicar\u00bb<\/li>\n\n\n\n<li>Comprueba el importe con el descuento 10% antes de finalizar la compra<\/li>\n\n\n\n<li>Paga y recibe el vale por correo electr\u00f3nico; pres\u00e9ntalo impreso o en el m\u00f3vil<\/li>\n<\/ol>\n\n\n\n<p class=\"wp-block-paragraph\"><strong>Pero hay un detalle importante:<\/strong> Comprueba visualmente que se haya aplicado el descuento antes de pagar. Si el importe no ha cambiado, significa que el cup\u00f3n no se ha aplicado.<\/p>\n\n\n\n<p class=\"wp-block-paragraph\">El cup\u00f3n OVIAJANTE no tiene fecha de caducidad y se puede utilizar tantas veces como quieras, incluso en <a href=\"https:\/\/viajepragramado.com.br\/es\/cupones-de-descuento\/\">decenas de otras atracciones y restaurantes de Gramado y Canela<\/a>con descuentos de hasta <strong>hasta 40%<\/strong>.<\/p>\n\n\n\n<h2 class=\"wp-block-heading\">\u00bfCu\u00e1nto cuesta el Caf\u00e9 Colonial Bela Vista en 2026?<\/h2>\n\n\n\n<p class=\"wp-block-paragraph\">Los precios var\u00edan seg\u00fan la fecha y la temporada. Este es el rango de precios que se aplicar\u00e1 en 2026:<\/p>\n\n\n\n<figure class=\"wp-block-table\"><table class=\"has-fixed-layout\"><thead><tr><th>Perfil<\/th><th>Precio en ventanilla<\/th><th>Compra anticipada<\/th><th>Con el cup\u00f3n OVIAJANTE (10%)<\/th><\/tr><\/thead><tbody><tr><td>Adulto (10 a\u00f1os o m\u00e1s)<\/td><td>~R$ 150,00<\/td><td>a partir de R$ 129,90<\/td><td><strong>a partir de ~R$ 116,90<\/strong><\/td><\/tr><tr><td>Ni\u00f1os de 5 a 9 a\u00f1os<\/td><td>~R$ 75,00<\/td><td>la mitad de un adulto<\/td><td><strong>la mitad, con 10% desactivado<\/strong><\/td><\/tr><tr><td>Ni\u00f1os de hasta 4 a\u00f1os<\/td><td>Gratis<\/td><td>Gratis<\/td><td>Gratis<\/td><\/tr><\/tbody><\/table><\/figure>\n\n\n\n<p class=\"wp-block-paragraph\"><em>Los precios de la compra anticipada var\u00edan en funci\u00f3n de la fecha elegida. Consulta el precio del d\u00eda directamente en la p\u00e1gina de compra.<\/em><\/p>\n\n\n\n<h3 class=\"wp-block-heading\">\u00bfCu\u00e1nto ahorras realmente?<\/h3>\n\n\n\n<p class=\"wp-block-paragraph\"><strong>Mira esto<\/strong> El impacto del cup\u00f3n en situaciones reales:<\/p>\n\n\n\n<figure class=\"wp-block-table\"><table class=\"has-fixed-layout\"><thead><tr><th>Grupo<\/th><th>Sin cup\u00f3n (aprox.)<\/th><th>Con OVIAJANTE<\/th><th>Econom\u00eda<\/th><\/tr><\/thead><tbody><tr><td>1 persona<\/td><td>R$ 129,90<\/td><td>R$ 116,90<\/td><td><strong>R$ 13<\/strong><\/td><\/tr><tr><td>Pareja<\/td><td>R$ 259,80<\/td><td>R$ 233,80<\/td><td><strong>R$ 26<\/strong><\/td><\/tr><tr><td>Pareja + 2 ni\u00f1os (de 5 a 9 a\u00f1os)<\/td><td>R$ 389,70<\/td><td>R$ 350,70<\/td><td><strong>R$ 39<\/strong><\/td><\/tr><tr><td>4 adultos<\/td><td>R$ 519,60<\/td><td>R$ 467,60<\/td><td><strong>R$ 52<\/strong><\/td><\/tr><\/tbody><\/table><\/figure>\n\n\n\n<p class=\"wp-block-paragraph\"><strong>\u00bfLa buena noticia?<\/strong> Ese ahorro cubre pr\u00e1cticamente el coste del aparcamiento y la gasolina de un d\u00eda de excursi\u00f3n por la sierra.<\/p>\n\n\n\n<p class=\"wp-block-paragraph\">\u26a0\ufe0f <strong>Atenci\u00f3n: tarifa de servicio:<\/strong> El restaurante puede cobrar 10% en concepto de servicio en el local. Esta es <strong>opcional<\/strong> y no se incluye en el importe del vale.<\/p>\n\n\n\n<p class=\"has-text-align-center wp-block-paragraph\">\ud83d\udc49 <strong><a href=\"https:\/\/parksnet.com.br\/ingressos\/?ingToken=belavista&amp;bookingAgency=21&amp;utm_source=Afiliado05\" target=\"_blank\" rel=\"noopener nofollow sponsored\">Asegurarme mi cup\u00f3n con 10% de descuento<\/a><\/strong><\/p>\n\n\n\n<h2 class=\"wp-block-heading\">\u00bfQu\u00e9 incluye el men\u00fa de Bela Vista?<\/h2>\n\n\n\n<figure class=\"wp-block-image is-resized\"><img decoding=\"async\" src=\"https:\/\/viajepragramado.com.br\/wp-content\/uploads\/2024\/09\/O-Que-e-Servido-no-Cafe-Colonial-Bela-Vista.jpg\" alt=\"Cup\u00f3n de Caf\u00e9 Colonial Bela Vista\" style=\"aspect-ratio:1.4997489259610557;width:466px;height:auto\" title=\"\"><\/figure>\n\n\n\n<p class=\"wp-block-paragraph\">Hay m\u00e1s de 80 platos, que se sirven en la mesa y se reponen sin l\u00edmite. Nada de buf\u00e9 libre: aqu\u00ed la comida te la traen a la mesa.<\/p>\n\n\n\n<h3 class=\"wp-block-heading\">Pan y productos de panader\u00eda<\/h3>\n\n\n\n<ul class=\"wp-block-list\">\n<li>Pan de centeno, de ma\u00edz, amasado y franc\u00e9s<\/li>\n\n\n\n<li>Magdalenas alemanas con farofa dulce y cobertura de frutas<\/li>\n\n\n\n<li>Gofres y cruasanes<\/li>\n<\/ul>\n\n\n\n<h3 class=\"wp-block-heading\">Aperitivos salados y embutidos<\/h3>\n\n\n\n<ul class=\"wp-block-list\">\n<li>Quesos tradicionales, salami, embutidos y jam\u00f3n<\/li>\n\n\n\n<li>Polenta frita, croquetas, coxinhas y pollo empanado<\/li>\n\n\n\n<li>Lomo asado y conservas<\/li>\n<\/ul>\n\n\n\n<h3 class=\"wp-block-heading\">Dulces y postres<\/h3>\n\n\n\n<ul class=\"wp-block-list\">\n<li>Apfelstrudel: el cl\u00e1sico alem\u00e1n de la casa<\/li>\n\n\n\n<li>Tarta de la se\u00f1ora Lira, tarta de cacahuete, sag\u00fa con crema, quindim<\/li>\n\n\n\n<li>Buffet de helados artesanales y mousses<\/li>\n<\/ul>\n\n\n\n<h3 class=\"wp-block-heading\">Bebidas (todas incluidas)<\/h3>\n\n\n\n<ul class=\"wp-block-list\">\n<li>Caf\u00e9 reci\u00e9n hecho, chocolate caliente, leche y m\u00e1s de 10 tipos de t\u00e9<\/li>\n\n\n\n<li>Zumo de uva, zumo de naranja, agua y refresco<\/li>\n\n\n\n<li>Vinos coloniales: tintos y blancos, secos y suaves<\/li>\n<\/ul>\n\n\n\n<p class=\"wp-block-paragraph\"><strong>Lo que pocos saben:<\/strong> Los vinos est\u00e1n incluidos en el precio de la entrada, sin coste adicional. Son pocos los caf\u00e9s coloniales de la regi\u00f3n que ofrecen esta opci\u00f3n.<\/p>\n\n\n\n<h2 class=\"wp-block-heading\">\u00bfPor qu\u00e9 el Bela Vista es diferente de las dem\u00e1s cafeter\u00edas coloniales?<\/h2>\n\n\n\n<figure class=\"wp-block-image\"><img decoding=\"async\" src=\"https:\/\/viajepragramado.com.br\/wp-content\/uploads\/2024\/09\/A-Tradicao-do-Cafe-Colonial-em-Gramado.jpg\" alt=\"La tradici\u00f3n del caf\u00e9 colonial en Gramado, en el Bela Vista\" title=\"\"><\/figure>\n\n\n\n<p class=\"wp-block-paragraph\">\u00c9l fue el primero. En 1972, <strong>Do\u00f1a Lira Caliari<\/strong> Empez\u00f3 a servir sus recetas familiares \u2014de origen alem\u00e1n, italiano y portugu\u00e9s\u2014 y cre\u00f3 el concepto que hoy en d\u00eda es el sello gastron\u00f3mico de la Serra Ga\u00facha.<\/p>\n\n\n\n<p class=\"wp-block-paragraph\">En 2014, el Bela Vista apareci\u00f3 mencionado en el best-seller <strong>\u201c1000 lugares que hay que visitar antes de morir\u201d<\/strong>, de la periodista estadounidense Patricia Schultz. Es el \u00fanico caf\u00e9 colonial brasile\u00f1o de la lista.<\/p>\n\n\n\n<p class=\"wp-block-paragraph\">Vivo en Canela y ya he llevado all\u00ed a mi familia y amigos varias veces. Hay tres cosas que se repiten en cada visita:<\/p>\n\n\n\n<ul class=\"wp-block-list\">\n<li><strong>El servicio no deja la mesa vac\u00eda.<\/strong> Los camareros te reponen el plato antes de que lo pidas.<\/li>\n\n\n\n<li><strong>La torre con vistas panor\u00e1micas<\/strong> merece la pena subir: es el mejor lugar para hacer fotos de la casa.<\/li>\n\n\n\n<li><strong>La ubicaci\u00f3n es estrat\u00e9gica:<\/strong> En la avenida das Hort\u00eansias, entre Gramado y Canela, a unos 3 minutos del centro. Es ideal para quienes se alojan en cualquiera de las dos ciudades.<\/li>\n<\/ul>\n\n\n\n<h2 class=\"wp-block-heading\">Bela Vista frente a otras cafeter\u00edas coloniales de Gramado<\/h2>\n\n\n\n<figure class=\"wp-block-table\"><table class=\"has-fixed-layout\"><thead><tr><th>Caf\u00e9 colonial<\/th><th>Rango de precios<\/th><th>A qui\u00e9n va dirigido<\/th><th>Diferencial<\/th><th>Cup\u00f3n OVIAJANTE<\/th><\/tr><\/thead><tbody><tr><td><strong>Bela Vista<\/strong><\/td><td>R$ 130\u2013150<\/td><td>\u00bfQui\u00e9n quiere lo cl\u00e1sico y la mayor variedad?<\/td><td>El primero de Brasil, m\u00e1s de 80 platos, vinos incluidos, torre con vistas<\/td><td>\u2705 10%<\/td><\/tr><tr><td><a href=\"https:\/\/viajepragramado.com.br\/es\/entradas\/gramado-cafe-colonial\/\">Gramado Caf\u00e9 Colonial<\/a><\/td><td>R$ 110\u2013140<\/td><td>La mejor relaci\u00f3n calidad-precio<\/td><td>El servicio es muy bueno, la mesa est\u00e1 repleta, cierra temprano<\/td><td>\u2705 10%<\/td><\/tr><tr><td>Conejo<\/td><td>R$ 110\u2013140<\/td><td>\u00bfA qui\u00e9n le gusta el chocolate caliente?<\/td><td>El chocolate caliente es la especialidad de la casa<\/td><td>Consulte<\/td><\/tr><tr><td>Della Nonna<\/td><td>R$ 100\u2013130<\/td><td>\u00bfQui\u00e9n quiere vivir la experiencia de un campamento?<\/td><td>En el interior de Gramado, horno de barro, m\u00fasica en directo<\/td><td>\u2705 5%<\/td><\/tr><\/tbody><\/table><\/figure>\n\n\n\n<p class=\"wp-block-paragraph\"><strong>Y eso no es todo:Y no termina ah\u00ed:<\/strong> Si el Bela Vista est\u00e1 lleno ese d\u00eda, los otros tres son una buena opci\u00f3n. Pero si es tu primera vez en Gramado, empieza por el Bela Vista.<\/p>\n\n\n\n<h2 class=\"wp-block-heading\">\u00bfMerece la pena ir al Caf\u00e9 Colonial Bela Vista?<\/h2>\n\n\n\n<p class=\"wp-block-paragraph\">De acuerdo, pero con una salvedad sincera.<\/p>\n\n\n\n<p class=\"wp-block-paragraph\"><strong>Merece mucho la pena si:<\/strong> Quieres disfrutar de la tradici\u00f3n gastron\u00f3mica de la Serra Ga\u00facha, ya sea en familia o en grupo, y puedes reservar el d\u00eda (o al menos la tarde) solo para eso.<\/p>\n\n\n\n<p class=\"wp-block-paragraph\"><strong>Pi\u00e9nsatelo dos veces si:<\/strong> Ya sea porque comes poco, tienes un programa muy apretado o ya has almorzado, el caf\u00e9 colonial sustituye a una comida completa\u2026 y a\u00fan te sobra.<\/p>\n\n\n\n<p class=\"wp-block-paragraph\"><strong>Aqu\u00ed viene lo interesante:<\/strong> La mejor hora es entre las 14:00 y las 16:00. La casa est\u00e1 m\u00e1s tranquila, el servicio de limpieza es m\u00e1s r\u00e1pido y puedes disfrutar de la luz de la tarde en la torre.<\/p>\n\n\n\n<p class=\"wp-block-paragraph\">Un consejo pr\u00e1ctico de alguien que ya ha cometido ese error: <strong>No combines el caf\u00e9 colonial con la cena el mismo d\u00eda.<\/strong> No lo vas a conseguir. P\u00f3ntelo despu\u00e9s de un paseo tranquilo, como el <a href=\"https:\/\/viajepragramado.com.br\/es\/que-hacer-en-gramado\/\">El Lago Negro o el centro de Gramado<\/a>.<\/p>\n\n\n\n<h2 class=\"wp-block-heading\">Preguntas frecuentes sobre el Caf\u00e9 Colonial Bela Vista<\/h2>\n\n\n\n<h3 class=\"wp-block-heading\">\u00bfCu\u00e1l es el c\u00f3digo promocional del Caf\u00e9 Colonial Bela Vista?<\/h3>\n\n\n\n<p class=\"wp-block-paragraph\">El cup\u00f3n oficial es el <strong>OVIAJANTE<\/strong>, que da <strong>Descuento 10%<\/strong> al comprar el vale por adelantado. Solo tienes que introducirlo en el campo del cup\u00f3n antes de finalizar el pago.<\/p>\n\n\n\n<h3 class=\"wp-block-heading\">\u00bfCu\u00e1nto cuesta el Caf\u00e9 Colonial Bela Vista?<\/h3>\n\n\n\n<p class=\"wp-block-paragraph\">En taquilla, un adulto paga unos R$ 150. Si se compra por adelantado por Internet, el precio parte de unos R$ 129,90, y con el cup\u00f3n OVIAJANTE se reduce a aproximadamente R$ 116,90.<\/p>\n\n\n\n<h3 class=\"wp-block-heading\">\u00bfSe puede canjear el cup\u00f3n OVIAJANTE en el Caf\u00e9 Colonial Bela Vista?<\/h3>\n\n\n\n<p class=\"wp-block-paragraph\">S\u00ed. El cup\u00f3n OVIAJANTE es v\u00e1lido para el Bela Vista, con un descuento de 10%, y tambi\u00e9n se puede utilizar en decenas de otras atracciones, parques y restaurantes de Gramado y Canela.<\/p>\n\n\n\n<h3 class=\"wp-block-heading\">\u00bfD\u00f3nde est\u00e1 el Caf\u00e9 Colonial Bela Vista?<\/h3>\n\n\n\n<p class=\"wp-block-paragraph\">En la Avenida das Hort\u00eansias, 3500, en el barrio de Vila Su\u00ed\u00e7a, en el tramo entre Gramado y Canela. Se encuentra a unos 3 minutos del centro de Gramado y dispone de aparcamiento propio gratuito.<\/p>\n\n\n\n<h3 class=\"wp-block-heading\">\u00bfCu\u00e1l es el horario de apertura?<\/h3>\n\n\n\n<p class=\"wp-block-paragraph\">De lunes a viernes, de 11:00 a 22:30. Los s\u00e1bados, domingos y festivos, de 10:00 a 22:30. Los horarios pueden variar en fechas especiales.<\/p>\n\n\n\n<h3 class=\"wp-block-heading\">\u00bfHay que reservar?<\/h3>\n\n\n\n<p class=\"wp-block-paragraph\">No es obligatorio, pero es muy recomendable en enero, junio, julio, noviembre, diciembre y durante los puentes festivos. Si lo compras con antelaci\u00f3n, te aseguras la fecha, y adem\u00e1s te sale m\u00e1s barato con el cup\u00f3n.<\/p>\n\n\n\n<h3 class=\"wp-block-heading\">\u00bfLos ni\u00f1os pagan?<\/h3>\n\n\n\n<p class=\"wp-block-paragraph\">Los ni\u00f1os menores de 4 a\u00f1os no pagan. Los ni\u00f1os de entre 5 y 9 a\u00f1os pagan la mitad del precio de adulto. A partir de los 10 a\u00f1os, se paga el precio completo y es necesario presentar un vale.<\/p>\n\n\n\n<h3 class=\"wp-block-heading\">\u00bfCu\u00e1nto dura la visita?<\/h3>\n\n\n\n<p class=\"wp-block-paragraph\">Reserva entre 2 y 3 horas. Es tiempo suficiente para probar buena parte de los 80 platos sin prisas y subir adem\u00e1s a la torre para hacer fotos.<\/p>\n\n\n\n<h2 class=\"wp-block-heading\">Aseg\u00farate tu caf\u00e9 colonial con un descuento de 10%<\/h2>\n\n\n\n<p class=\"wp-block-paragraph\">El Caf\u00e9 Colonial Bela Vista es el tipo de experiencia que define un viaje a Gramado: una mesa repleta, una tradici\u00f3n de m\u00e1s de 50 a\u00f1os y comida aut\u00e9ntica, servida con esmero.<\/p>\n\n\n\n<p class=\"wp-block-paragraph\">Comprar por adelantado con el cup\u00f3n <strong>OVIAJANTE<\/strong>, te aseguras la fecha, evitas las colas y pagas 10% menos.<\/p>\n\n\n\n<p class=\"has-text-align-center wp-block-paragraph\">\ud83d\udc49 <strong><a href=\"https:\/\/parksnet.com.br\/ingressos\/?ingToken=belavista&amp;bookingAgency=21&amp;utm_source=Afiliado05\" target=\"_blank\" rel=\"noopener nofollow sponsored\">COMPRAR AHORA CON UN DESCUENTO DEL 10%<\/a><\/strong><\/p>\n\n\n\n<p class=\"wp-block-paragraph\">Y antes de terminar el itinerario, aprovecha: el cup\u00f3n OVIAJANTE tambi\u00e9n es v\u00e1lido en los <a href=\"https:\/\/viajepragramado.com.br\/es\/las-mejores-fondues-de-gramado-en-2026\/\">Las mejores fondues de Gramado<\/a>, en las <a href=\"https:\/\/viajepragramado.com.br\/es\/las-mejores-parrillas-de-gramado-y-canela\/\">asadores de Gramado y Canela<\/a> y en <a href=\"https:\/\/viajepragramado.com.br\/es\/cupones-de-descuento\/\">todas las ofertas de nuestra p\u00e1gina de cupones<\/a> \u2014 con descuentos de hasta 40%.<\/p>\n\n\n<div class=\"kk-star-ratings kksr-auto kksr-align-left kksr-valign-bottom\"\n    data-payload='{&quot;align&quot;:&quot;left&quot;,&quot;id&quot;:&quot;22716&quot;,&quot;slug&quot;:&quot;default&quot;,&quot;valign&quot;:&quot;bottom&quot;,&quot;ignore&quot;:&quot;&quot;,&quot;reference&quot;:&quot;auto&quot;,&quot;class&quot;:&quot;&quot;,&quot;count&quot;:&quot;1&quot;,&quot;legendonly&quot;:&quot;&quot;,&quot;readonly&quot;:&quot;&quot;,&quot;score&quot;:&quot;5&quot;,&quot;starsonly&quot;:&quot;&quot;,&quot;best&quot;:&quot;5&quot;,&quot;gap&quot;:&quot;5&quot;,&quot;greet&quot;:&quot;Vote Aqui&quot;,&quot;legend&quot;:&quot;5\\\/5 - (1 vote)&quot;,&quot;size&quot;:&quot;24&quot;,&quot;title&quot;:&quot;Cupom Caf\u00e9 Colonial Bela Vista em Gramado: 10% de Desconto com OVIAJANTE&quot;,&quot;width&quot;:&quot;142.5&quot;,&quot;_legend&quot;:&quot;{score}\\\/{best} - ({count} {votes})&quot;,&quot;font_factor&quot;:&quot;1.25&quot;}'>\n            \n<div class=\"kksr-stars\">\n    \n<div class=\"kksr-stars-inactive\">\n            <div class=\"kksr-star\" data-star=\"1\" style=\"padding-right: 5px\">\n            \n\n<div class=\"kksr-icon\" style=\"width: 24px; height: 24px;\"><\/div>\n        <\/div>\n            <div class=\"kksr-star\" data-star=\"2\" style=\"padding-right: 5px\">\n            \n\n<div class=\"kksr-icon\" style=\"width: 24px; height: 24px;\"><\/div>\n        <\/div>\n            <div class=\"kksr-star\" data-star=\"3\" style=\"padding-right: 5px\">\n            \n\n<div class=\"kksr-icon\" style=\"width: 24px; height: 24px;\"><\/div>\n        <\/div>\n            <div class=\"kksr-star\" data-star=\"4\" style=\"padding-right: 5px\">\n            \n\n<div class=\"kksr-icon\" style=\"width: 24px; height: 24px;\"><\/div>\n        <\/div>\n            <div class=\"kksr-star\" data-star=\"5\" style=\"padding-right: 5px\">\n            \n\n<div class=\"kksr-icon\" style=\"width: 24px; height: 24px;\"><\/div>\n        <\/div>\n    <\/div>\n    \n<div class=\"kksr-stars-active\" style=\"width: 142.5px;\">\n            <div class=\"kksr-star\" style=\"padding-right: 5px\">\n            \n\n<div class=\"kksr-icon\" style=\"width: 24px; height: 24px;\"><\/div>\n        <\/div>\n            <div class=\"kksr-star\" style=\"padding-right: 5px\">\n            \n\n<div class=\"kksr-icon\" style=\"width: 24px; height: 24px;\"><\/div>\n        <\/div>\n            <div class=\"kksr-star\" style=\"padding-right: 5px\">\n            \n\n<div class=\"kksr-icon\" style=\"width: 24px; height: 24px;\"><\/div>\n        <\/div>\n            <div class=\"kksr-star\" style=\"padding-right: 5px\">\n            \n\n<div class=\"kksr-icon\" style=\"width: 24px; height: 24px;\"><\/div>\n        <\/div>\n            <div class=\"kksr-star\" style=\"padding-right: 5px\">\n            \n\n<div class=\"kksr-icon\" style=\"width: 24px; height: 24px;\"><\/div>\n        <\/div>\n    <\/div>\n<\/div>\n                \n\n<div class=\"kksr-legend\" style=\"font-size: 19.2px;\">\n            5\/5 - (1 voto)    <\/div>\n    <\/div>","protected":false},"excerpt":{"rendered":"<p>Cup\u00f3n para el Caf\u00e9 Colonial Bela Vista en Gramado: utiliza el c\u00f3digo OVIAJANTE y obt\u00e9n un descuento de 10% en la compra anticipada. Consulta los precios de 2026, los horarios y lo que incluye.<\/p>","protected":false},"author":1,"featured_media":22717,"comment_status":"open","ping_status":"open","sticky":false,"template":"","format":"standard","meta":{"footnotes":""},"categories":[201,153],"tags":[292],"class_list":["post-22716","post","type-post","status-publish","format-standard","has-post-thumbnail","hentry","category-cupom-de-desconto","category-dicas","tag-cupom-cafe-colonial-bela-vista-em-gramado"],"featured_image_src":"https:\/\/viajepragramado.com.br\/wp-content\/uploads\/2024\/09\/Cupom-Cafe-Colonial-Bela-Vista-em-Gramado.jpg","author_info":{"display_name":"Jonatas Kapczynski","author_link":"https:\/\/viajepragramado.com.br\/es\/author\/jonatas\/"},"_links":{"self":[{"href":"https:\/\/viajepragramado.com.br\/es\/wp-json\/wp\/v2\/posts\/22716","targetHints":{"allow":["GET"]}}],"collection":[{"href":"https:\/\/viajepragramado.com.br\/es\/wp-json\/wp\/v2\/posts"}],"about":[{"href":"https:\/\/viajepragramado.com.br\/es\/wp-json\/wp\/v2\/types\/post"}],"author":[{"embeddable":true,"href":"https:\/\/viajepragramado.com.br\/es\/wp-json\/wp\/v2\/users\/1"}],"replies":[{"embeddable":true,"href":"https:\/\/viajepragramado.com.br\/es\/wp-json\/wp\/v2\/comments?post=22716"}],"version-history":[{"count":0,"href":"https:\/\/viajepragramado.com.br\/es\/wp-json\/wp\/v2\/posts\/22716\/revisions"}],"wp:featuredmedia":[{"embeddable":true,"href":"https:\/\/viajepragramado.com.br\/es\/wp-json\/wp\/v2\/media\/22717"}],"wp:attachment":[{"href":"https:\/\/viajepragramado.com.br\/es\/wp-json\/wp\/v2\/media?parent=22716"}],"wp:term":[{"taxonomy":"category","embeddable":true,"href":"https:\/\/viajepragramado.com.br\/es\/wp-json\/wp\/v2\/categories?post=22716"},{"taxonomy":"post_tag","embeddable":true,"href":"https:\/\/viajepragramado.com.br\/es\/wp-json\/wp\/v2\/tags?post=22716"}],"curies":[{"name":"wp","href":"https:\/\/api.w.org\/{rel}","templated":true}]}}