{"id":26578,"date":"2025-10-16T14:42:02","date_gmt":"2025-10-16T17:42:02","guid":{"rendered":"https:\/\/viajepragramado.com.br\/?p=26578"},"modified":"2026-08-17T17:14:25","modified_gmt":"2026-08-17T20:14:25","slug":"cupon-nativitaten-oviajante","status":"publish","type":"post","link":"https:\/\/viajepragramado.com.br\/es\/cupon-nativitaten-oviajante\/","title":{"rendered":"Cup\u00f3n Nativitaten: Entradas con un descuento de 15% para el espect\u00e1culo inolvidable en Gramado"},"content":{"rendered":"<p class=\"wp-block-paragraph\">Nativitaten es sin duda el espect\u00e1culo m\u00e1s emocionante de Natal Luz en Gramado, y si usted est\u00e1 buscando el <strong>Cup\u00f3n Nativitaten<\/strong>entonces est\u00e1s en el lugar adecuado. Nativitaten es un evento que transforma la encantadora localidad de la Serra Ga\u00facha en un aut\u00e9ntico cuento de hadas navide\u00f1o. Con una impresionante superproducci\u00f3n que mezcla m\u00fasica en directo, teatro, luces y efectos especiales, el espect\u00e1culo celebra el nacimiento de Jesucristo de una forma grandiosa e inolvidable.<\/p>\n\n\n\n<p class=\"wp-block-paragraph\">Y lo mejor de todo: quienes tengan pensado asistir al espect\u00e1culo en 2026 pueden conseguir un descuento de 15% utilizando el <a href=\"https:\/\/viajepragramado.com.br\/es\/entradas-luces-de-navidad\/\">Cup\u00f3n Nativitaten<\/a> con el c\u00f3digo <strong>OVIAJANTE<\/strong>exclusiva de la agencia <strong>Viajes a Gramado<\/strong>en el <strong>ParksNet<\/strong>.<a href=\"https:\/\/parksnet.com.br\/ingressos\/natal-luz?ingToken=natalluz&amp;bookingAgency=21\" rel=\"nofollow noopener\" target=\"_blank\"> Haga clic aqu\u00ed para asegurar sus entradas<\/a>.<\/p>\n\n\n\n<p class=\"wp-block-paragraph\">Para consultar las fechas, los precios y el programa completo de la edici\u00f3n actual, echa tambi\u00e9n un vistazo a nuestra gu\u00eda de <a href=\"https:\/\/viajepragramado.com.br\/es\/natal-luz-gramado-2026\/\">Natal Luz Gramado 2026<\/a>.<\/p>\n\n\n\n<h2 class=\"wp-block-heading\"><strong>Qu\u00e9 es Nativitaten<\/strong><\/h2>\n\n\n\n<figure class=\"wp-block-image size-full is-resized\"><img fetchpriority=\"high\" decoding=\"async\" width=\"575\" height=\"270\" src=\"http:\/\/viajepragramado.com.br\/wp-content\/uploads\/2025\/10\/Cupom-Nativitaten-5.jpg\" class=\"wp-image-26309\" alt=\"Espet\u00e1culo de luzes e fogos na cidade de Gramado durante o Natal Luz 2026.\" style=\"width:711px\" title=\"\" srcset=\"https:\/\/viajepragramado.com.br\/wp-content\/uploads\/2025\/10\/Cupom-Nativitaten-5.jpg 575w, https:\/\/viajepragramado.com.br\/wp-content\/uploads\/2025\/10\/Cupom-Nativitaten-5-768x360.jpg 768w, https:\/\/viajepragramado.com.br\/wp-content\/uploads\/2025\/10\/Cupom-Nativitaten-5-600x281.jpg 600w\" sizes=\"(max-width: 575px) 100vw, 575px\" \/> <\/figure>\n\n\n\n<p class=\"wp-block-paragraph\">Nativitaten es uno de los principales espect\u00e1culos de Natal Luz de Gramado, considerado uno de los mayores y m\u00e1s bellos eventos navide\u00f1os del mundo. Su objetivo es emocionar al p\u00fablico con una escenificaci\u00f3n dram\u00e1tica y po\u00e9tica del nacimiento de Jes\u00fas, resaltando valores como el amor, la fe, la esperanza y la unidad.<\/p>\n\n\n\n<p class=\"wp-block-paragraph\">La producci\u00f3n cuenta con:<\/p>\n\n\n\n<ul class=\"wp-block-list\">\n<li>Orquesta sinf\u00f3nica y coro en directo<br><\/li>\n\n\n\n<li>Decorados grandiosos y vestuario impecable<br><\/li>\n\n\n\n<li>Luces sincronizadas, pirotecnia y efectos especiales<br><\/li>\n\n\n\n<li>Emocionantes intervenciones art\u00edsticas<br><\/li>\n<\/ul>\n\n\n\n<p class=\"wp-block-paragraph\">El evento se celebra en un lago al aire libre en el Centro de Eventos Serra Park, lo que contribuye a crear un ambiente m\u00e1gico y cinematogr\u00e1fico. En su 41.\u00aa edici\u00f3n, el espect\u00e1culo cuenta con <strong>nuevo escenario<\/strong> y capacidad para <strong>4.000 localidades por funci\u00f3n<\/strong>.<\/p>\n\n\n\n<h2 class=\"wp-block-heading\"><strong>Fechas y horarios del Nativitaten 2026-2027<\/strong><\/h2>\n\n\n\n<p class=\"wp-block-paragraph\">El \u00abNatal Luz de Gramado 2026\u00bb comenzar\u00e1 el 22 de octubre de 2026 y se prolongar\u00e1 hasta el 17 de enero de 2027; se trata de la 41.\u00aa edici\u00f3n del evento.<\/p>\n\n\n\n<p class=\"wp-block-paragraph\">El espect\u00e1culo \u00abNativitaten\u00bb tendr\u00e1 lugar a las <strong>los jueves y los s\u00e1bados<\/strong>, siempre a las <strong>20:00 h<\/strong> (hora de Brasilia).&nbsp;<\/p>\n\n\n\n<ul class=\"wp-block-list\">\n<li>Duraci\u00f3n media: 1 hora (60 minutos)<br><\/li>\n\n\n\n<li>Apertura de puertas: a partir de las 18.30 horas<br><\/li>\n\n\n\n<li>Recomendaci\u00f3n: llegar con 90 minutos de antelaci\u00f3n para asegurarte los mejores asientos<br><\/li>\n<\/ul>\n\n\n\n<p class=\"wp-block-paragraph\">Importante: algunas fechas pueden sufrir modificaciones seg\u00fan el calendario oficial del evento. Nativitaten tambi\u00e9n cuenta con su propio protocolo de cancelaci\u00f3n.<\/p>\n\n\n\n<h2 class=\"wp-block-heading\"><strong>Lugar del acontecimiento<\/strong><\/h2>\n\n\n\n<figure class=\"wp-block-image size-full is-resized\"><img decoding=\"async\" width=\"575\" height=\"270\" src=\"http:\/\/viajepragramado.com.br\/wp-content\/uploads\/2025\/10\/Cupom-Nativitaten-2-1.jpg\" alt=\"Cup\u00f3n Nativitaten\" class=\"wp-image-26306\" style=\"width:711px;height:auto\" title=\"\" srcset=\"https:\/\/viajepragramado.com.br\/wp-content\/uploads\/2025\/10\/Cupom-Nativitaten-2-1.jpg 575w, https:\/\/viajepragramado.com.br\/wp-content\/uploads\/2025\/10\/Cupom-Nativitaten-2-1-768x360.jpg 768w, https:\/\/viajepragramado.com.br\/wp-content\/uploads\/2025\/10\/Cupom-Nativitaten-2-1-600x281.jpg 600w\" sizes=\"(max-width: 575px) 100vw, 575px\" \/><\/figure>\n\n\n\n<p class=\"wp-block-paragraph\">El espect\u00e1culo tiene lugar en:<\/p>\n\n\n\n<p class=\"wp-block-paragraph\">Centro de Eventos Serra Park<br>Rua Henrique Belotto, 100 - Barrio de Tr\u00eas Pinheiros, Gramado - RS<\/p>\n\n\n\n<p class=\"wp-block-paragraph\">El recinto es amplio, seguro y est\u00e1 preparado para acoger grandes producciones al aire libre con comodidad y organizaci\u00f3n.<\/p>\n\n\n\n<h2 class=\"wp-block-heading\"><strong>Tipos de entradas, sectores y precios 2026<\/strong><\/h2>\n\n\n\n<figure class=\"wp-block-image size-full is-resized\"><img decoding=\"async\" width=\"1010\" height=\"714\" src=\"http:\/\/viajepragramado.com.br\/wp-content\/uploads\/2025\/10\/Mapa-Nativitaten.webp\" alt=\"\" class=\"wp-image-26315\" style=\"width:688px;height:auto\" title=\"\" srcset=\"https:\/\/viajepragramado.com.br\/wp-content\/uploads\/2025\/10\/Mapa-Nativitaten.webp 1010w, https:\/\/viajepragramado.com.br\/wp-content\/uploads\/2025\/10\/Mapa-Nativitaten-768x542.webp 768w, https:\/\/viajepragramado.com.br\/wp-content\/uploads\/2025\/10\/Mapa-Nativitaten-18x12.webp 18w, https:\/\/viajepragramado.com.br\/wp-content\/uploads\/2025\/10\/Mapa-Nativitaten-600x424.webp 600w\" sizes=\"(max-width: 1010px) 100vw, 1010px\" \/><\/figure>\n\n\n\n<p class=\"wp-block-paragraph\">En su 41.\u00aa edici\u00f3n, Nativitaten ofrece tres secciones para dar respuesta a los distintos perfiles de p\u00fablico:<\/p>\n\n\n\n<ul class=\"wp-block-list\">\n<li><strong>Plata<\/strong>: R$ 360 (adulto, 16-59) o R$ 320 (joven \/ tercera edad \/ estudiante)<br><\/li>\n\n\n\n<li><strong>Oro<\/strong>: R$ 420 (adulto) o R$ 380 (joven \/ tercera edad \/ estudiante)<br><\/li>\n\n\n\n<li><strong>VIP<\/strong>: R$ 520 (adulto) o R$ 480 (joven \/ tercera edad \/ estudiante) \u2014 novedad de esta edici\u00f3n, con unas vistas espectaculares muy cerca del escenario (zona al aire libre)<br><\/li>\n<\/ul>\n\n\n\n<p class=\"wp-block-paragraph\">Con el cup\u00f3n <strong>OVIAJANTE<\/strong> Adem\u00e1s, obtienes 151 TP5T al cerrar la operaci\u00f3n: en la pr\u00e1ctica, el sector Plata sale a partir de <strong>R$ 288<\/strong> (joven \/ tercera edad \/ estudiante). Los precios pueden variar en funci\u00f3n de la fecha y el lote.<\/p>\n\n\n\n<p class=\"wp-block-paragraph\">Importante: los ni\u00f1os menores de 4 a\u00f1os no pagan si no ocupan asiento. Los estudiantes, las personas mayores y los ni\u00f1os de entre 5 y 15 a\u00f1os tienen derecho a entradas a mitad de precio presentando un documento oficial.<\/p>\n\n\n\n<h2 class=\"wp-block-heading\"><strong>D\u00f3nde comprar entradas con descuento<\/strong><\/h2>\n\n\n\n<figure class=\"wp-block-image size-full is-resized\"><img loading=\"lazy\" decoding=\"async\" width=\"800\" height=\"601\" src=\"http:\/\/viajepragramado.com.br\/wp-content\/uploads\/2024\/10\/Nativitaten-01.jpg\" alt=\"Cup\u00f3n Nativitaten\" class=\"wp-image-22927\" style=\"width:470px;height:auto\" title=\"\" srcset=\"https:\/\/viajepragramado.com.br\/wp-content\/uploads\/2024\/10\/Nativitaten-01.jpg 800w, https:\/\/viajepragramado.com.br\/wp-content\/uploads\/2024\/10\/Nativitaten-01-768x576.jpg 768w, https:\/\/viajepragramado.com.br\/wp-content\/uploads\/2024\/10\/Nativitaten-01-600x450.jpg 600w\" sizes=\"(max-width: 800px) 100vw, 800px\" \/><\/figure>\n\n\n\n<p class=\"wp-block-paragraph\">Puede conseguir sus entradas para Nativitaten y tambi\u00e9n para el Gran Desfile de Navidad en el sitio web de ParksNet, empresa de la Serra Ga\u00facha autorizada a vender entradas oficiales de Natal Luz.<\/p>\n\n\n\n<p class=\"wp-block-paragraph\"><a href=\"https:\/\/parksnet.com.br\/ingressos\/natal-luz?ingToken=natalluz&amp;bookingAgency=21\" rel=\"nofollow noopener\" target=\"_blank\">Compre aqu\u00ed con descuento<\/a><\/p>\n\n\n\n<p class=\"wp-block-paragraph\">Cup\u00f3n de descuento exclusivo:<br><strong>OVIAJANTE<\/strong> \u2013 Ofrece un descuento de 15% en la compra de entradas.<\/p>\n\n\n\n<p class=\"wp-block-paragraph\">La Agencia <strong>Viajes a Gramado<\/strong> es socio oficial de ParksNet y garantiza a sus clientes condiciones exclusivas, con total seguridad y comodidad. Adem\u00e1s de las entradas para Natal Luz, ParksNet tambi\u00e9n ofrece entradas para parques, atracciones y restaurantes en todo Brasil, con descuentos de hasta 20% utilizando el mismo cup\u00f3n.<\/p>\n\n\n\n<h2 class=\"wp-block-heading\"><strong>Transporte y consejos \u00fatiles<\/strong><\/h2>\n\n\n\n<h3 class=\"wp-block-heading\"><strong>Aparcamiento<\/strong><\/h3>\n\n\n\n<p class=\"wp-block-paragraph\">El recinto del evento dispone de aparcamiento propio. Consulta las condiciones de cada sector en el momento de la compra.<\/p>\n\n\n\n<h3 class=\"wp-block-heading\"><strong>Consejo importante: cuidado con las aplicaciones de transporte<\/strong><\/h3>\n\n\n\n<p class=\"wp-block-paragraph\">Si vas al evento utilizando Uber u otra aplicaci\u00f3n de transporte, es muy recomendable que conciertes el regreso con el conductor. Muchos visitantes informan de que, una vez finalizado el espect\u00e1culo, los conductores cobran precios mucho m\u00e1s altos de lo normal debido a la gran demanda en el recinto y a la dificultad de acceso. Programar su regreso o concertarlo de antemano con un conductor es una forma de evitar inconvenientes y sorpresas desagradables.<\/p>\n\n\n\n<h2 class=\"wp-block-heading\"><strong>Descuentos y reglas de mitad de precio<\/strong><\/h2>\n\n\n\n<ul class=\"wp-block-list\">\n<li>Estudiantes con tarjeta de identificaci\u00f3n de estudiante (CIE) v\u00e1lida<br><\/li>\n\n\n\n<li>Mayores de 60 a\u00f1os<br><\/li>\n\n\n\n<li>Ni\u00f1os de 5 a 15 a\u00f1os con un documento oficial<br><\/li>\n\n\n\n<li>Los menores de 4 a\u00f1os no pagan si no ocupan asiento<br><\/li>\n<\/ul>\n\n\n\n<p class=\"wp-block-paragraph\">La presentaci\u00f3n de documentos oficiales es obligatoria para acceder al espect\u00e1culo. En caso de no acreditarlo, se podr\u00e1 cobrar el precio \u00edntegro de la entrada.<\/p>\n\n\n\n<h2 class=\"wp-block-heading\"><strong>Conclusi\u00f3n<\/strong><\/h2>\n\n\n\n<figure class=\"wp-block-image size-full\"><img loading=\"lazy\" decoding=\"async\" width=\"1040\" height=\"300\" src=\"http:\/\/viajepragramado.com.br\/wp-content\/uploads\/2025\/10\/Cupom-Nativitaten-04.jpg\" alt=\"Cup\u00f3n Nativitaten\" class=\"wp-image-26451\" title=\"\" srcset=\"https:\/\/viajepragramado.com.br\/wp-content\/uploads\/2025\/10\/Cupom-Nativitaten-04.jpg 1040w, https:\/\/viajepragramado.com.br\/wp-content\/uploads\/2025\/10\/Cupom-Nativitaten-04-768x221.jpg 768w, https:\/\/viajepragramado.com.br\/wp-content\/uploads\/2025\/10\/Cupom-Nativitaten-04-600x173.jpg 600w\" sizes=\"(max-width: 1040px) 100vw, 1040px\" \/><\/figure>\n\n\n\n<p class=\"wp-block-paragraph\">El Nativitaten es m\u00e1s que un espect\u00e1culo: es una emotiva celebraci\u00f3n de la historia del nacimiento de Jes\u00fas, con una grandiosa puesta en escena que cautiva a personas de todas las edades. Asistir a este espect\u00e1culo en el Natal Luz de Gramado es una experiencia que se queda grabada en la memoria, y la 41.\u00aa edici\u00f3n, con un nuevo escenario, promete ser a\u00fan m\u00e1s especial.<\/p>\n\n\n\n<p class=\"wp-block-paragraph\">Compre sus entradas con antelaci\u00f3n y garantice el mejor precio con <strong>cup\u00f3n de descuento exclusivo OVIAJANTE<\/strong>. Y recuerde: al comprar con una agencia <strong>Viajes a Gramado<\/strong> y <strong>ParksNet<\/strong>Tendr\u00e1 la seguridad de una empresa regional especializada, con ventajas exclusivas y un servicio fiable.<\/p>\n\n\n\n<p class=\"wp-block-paragraph\"><a href=\"https:\/\/parksnet.com.br\/ingressos\/natal-luz?ingToken=natalluz&amp;bookingAgency=21\" rel=\"nofollow noopener\" target=\"_blank\">Consiga ya sus entradas con descuento<\/a><\/p>\n\n\n<div class=\"kk-star-ratings kksr-auto kksr-align-left kksr-valign-bottom\"\n    data-payload='{&quot;align&quot;:&quot;left&quot;,&quot;id&quot;:&quot;26578&quot;,&quot;slug&quot;:&quot;default&quot;,&quot;valign&quot;:&quot;bottom&quot;,&quot;ignore&quot;:&quot;&quot;,&quot;reference&quot;:&quot;auto&quot;,&quot;class&quot;:&quot;&quot;,&quot;count&quot;:&quot;2&quot;,&quot;legendonly&quot;:&quot;&quot;,&quot;readonly&quot;:&quot;&quot;,&quot;score&quot;:&quot;5&quot;,&quot;starsonly&quot;:&quot;&quot;,&quot;best&quot;:&quot;5&quot;,&quot;gap&quot;:&quot;5&quot;,&quot;greet&quot;:&quot;Vote Aqui&quot;,&quot;legend&quot;:&quot;5\\\/5 - (2 votes)&quot;,&quot;size&quot;:&quot;24&quot;,&quot;title&quot;:&quot;Cupom Nativitaten: Ingressos com 15% de Desconto para o Espet\u00e1culo Inesquec\u00edvel em Gramado&quot;,&quot;width&quot;:&quot;142.5&quot;,&quot;_legend&quot;:&quot;{score}\\\/{best} - ({count} {votes})&quot;,&quot;font_factor&quot;:&quot;1.25&quot;}'>\n            \n<div class=\"kksr-stars\">\n    \n<div class=\"kksr-stars-inactive\">\n            <div class=\"kksr-star\" data-star=\"1\" style=\"padding-right: 5px\">\n            \n\n<div class=\"kksr-icon\" style=\"width: 24px; height: 24px;\"><\/div>\n        <\/div>\n            <div class=\"kksr-star\" data-star=\"2\" style=\"padding-right: 5px\">\n            \n\n<div class=\"kksr-icon\" style=\"width: 24px; height: 24px;\"><\/div>\n        <\/div>\n            <div class=\"kksr-star\" data-star=\"3\" style=\"padding-right: 5px\">\n            \n\n<div class=\"kksr-icon\" style=\"width: 24px; height: 24px;\"><\/div>\n        <\/div>\n            <div class=\"kksr-star\" data-star=\"4\" style=\"padding-right: 5px\">\n            \n\n<div class=\"kksr-icon\" style=\"width: 24px; height: 24px;\"><\/div>\n        <\/div>\n            <div class=\"kksr-star\" data-star=\"5\" style=\"padding-right: 5px\">\n            \n\n<div class=\"kksr-icon\" style=\"width: 24px; height: 24px;\"><\/div>\n        <\/div>\n    <\/div>\n    \n<div class=\"kksr-stars-active\" style=\"width: 142.5px;\">\n            <div class=\"kksr-star\" style=\"padding-right: 5px\">\n            \n\n<div class=\"kksr-icon\" style=\"width: 24px; height: 24px;\"><\/div>\n        <\/div>\n            <div class=\"kksr-star\" style=\"padding-right: 5px\">\n            \n\n<div class=\"kksr-icon\" style=\"width: 24px; height: 24px;\"><\/div>\n        <\/div>\n            <div class=\"kksr-star\" style=\"padding-right: 5px\">\n            \n\n<div class=\"kksr-icon\" style=\"width: 24px; height: 24px;\"><\/div>\n        <\/div>\n            <div class=\"kksr-star\" style=\"padding-right: 5px\">\n            \n\n<div class=\"kksr-icon\" style=\"width: 24px; height: 24px;\"><\/div>\n        <\/div>\n            <div class=\"kksr-star\" style=\"padding-right: 5px\">\n            \n\n<div class=\"kksr-icon\" style=\"width: 24px; height: 24px;\"><\/div>\n        <\/div>\n    <\/div>\n<\/div>\n                \n\n<div class=\"kksr-legend\" style=\"font-size: 19.2px;\">\n            5\/5 - (2 votos)    <\/div>\n    <\/div>","protected":false},"excerpt":{"rendered":"<p>O Nativitaten \u00e9, sem d\u00favida, o espet\u00e1culo mais emocionante do Natal Luz de Gramado, e se voc\u00ea busca o cupom Nativitaten, ent\u00e3o est\u00e1 no lugar certo. O Nativitaten \u00e9 um evento que transforma a charmosa cidade da Serra Ga\u00facha em um verdadeiro conto de fadas natalino. Com uma superprodu\u00e7\u00e3o de tirar o f\u00f4lego, que mistura [&hellip;]<\/p>\n","protected":false},"author":1,"featured_media":26307,"comment_status":"open","ping_status":"open","sticky":false,"template":"","format":"standard","meta":{"footnotes":""},"categories":[201],"tags":[418],"class_list":["post-26578","post","type-post","status-publish","format-standard","has-post-thumbnail","hentry","category-cupom-de-desconto","tag-cupom-nativitaten-gramado"],"featured_image_src":"https:\/\/viajepragramado.com.br\/wp-content\/uploads\/2025\/10\/Cupom-Nativitaten-3.jpg","author_info":{"display_name":"Jonatas Kapczynski","author_link":"https:\/\/viajepragramado.com.br\/es\/author\/jonatas\/"},"_links":{"self":[{"href":"https:\/\/viajepragramado.com.br\/es\/wp-json\/wp\/v2\/posts\/26578","targetHints":{"allow":["GET"]}}],"collection":[{"href":"https:\/\/viajepragramado.com.br\/es\/wp-json\/wp\/v2\/posts"}],"about":[{"href":"https:\/\/viajepragramado.com.br\/es\/wp-json\/wp\/v2\/types\/post"}],"author":[{"embeddable":true,"href":"https:\/\/viajepragramado.com.br\/es\/wp-json\/wp\/v2\/users\/1"}],"replies":[{"embeddable":true,"href":"https:\/\/viajepragramado.com.br\/es\/wp-json\/wp\/v2\/comments?post=26578"}],"version-history":[{"count":0,"href":"https:\/\/viajepragramado.com.br\/es\/wp-json\/wp\/v2\/posts\/26578\/revisions"}],"wp:featuredmedia":[{"embeddable":true,"href":"https:\/\/viajepragramado.com.br\/es\/wp-json\/wp\/v2\/media\/26307"}],"wp:attachment":[{"href":"https:\/\/viajepragramado.com.br\/es\/wp-json\/wp\/v2\/media?parent=26578"}],"wp:term":[{"taxonomy":"category","embeddable":true,"href":"https:\/\/viajepragramado.com.br\/es\/wp-json\/wp\/v2\/categories?post=26578"},{"taxonomy":"post_tag","embeddable":true,"href":"https:\/\/viajepragramado.com.br\/es\/wp-json\/wp\/v2\/tags?post=26578"}],"curies":[{"name":"wp","href":"https:\/\/api.w.org\/{rel}","templated":true}]}}