{"id":26582,"date":"2025-10-20T13:26:22","date_gmt":"2025-10-20T16:26:22","guid":{"rendered":"https:\/\/viajepragramado.com.br\/?p=26582"},"modified":"2026-08-17T17:13:44","modified_gmt":"2026-08-17T20:13:44","slug":"cupon-gran-desfile-de-navidad","status":"publish","type":"post","link":"https:\/\/viajepragramado.com.br\/es\/cupon-gran-desfile-de-navidad\/","title":{"rendered":"Cup\u00f3n Big Christmas Parade: Entradas con descuento y consejos exclusivos"},"content":{"rendered":"<p class=\"wp-block-paragraph\">Si tiene previsto visitar Gramado durante la \u00e9poca navide\u00f1a, el <strong>Gran desfile de Navidad<\/strong> es una de las atracciones m\u00e1s esperadas de <strong>Navidad de las Luces de Gramado 2026<\/strong>. Este encantador espect\u00e1culo es una referencia nacional en lo que se refiere a magia, emoci\u00f3n y tradici\u00f3n de fin de a\u00f1o. Y aqu\u00ed podr\u00e1 encontrar <strong><a href=\"https:\/\/viajepragramado.com.br\/es\">Gran cup\u00f3n del Desfile de Navidad<\/a><\/strong>Consulte nuestros consejos a continuaci\u00f3n.<\/p>\n\n\n\n<p class=\"wp-block-paragraph\">Y para los que quieren ahorrar dinero, es posible garantizar <strong>Descuento 15%<\/strong> utilizando el <strong>Gran cup\u00f3n del Desfile de Navidad<\/strong> con el c\u00f3digo promocional <strong>OVIAJANTE<\/strong>para las compras realizadas en el sitio web oficial de entradas <strong>Parksnet<\/strong>. Acceda ahora a trav\u00e9s de nuestro exclusivo enlace de afiliado:<br>\ud83d\udc49<a href=\"https:\/\/parksnet.com.br\/ingressos\/natal-luz?ingToken=grandedesfiledenatal&amp;bookingAgency=21\" rel=\"nofollow noopener\" target=\"_blank\"> Compra aqu\u00ed con un descuento de 15% \u2013 Parksnet<\/a><\/p>\n\n\n\n<p class=\"wp-block-paragraph\">Tambi\u00e9n puedes comprar tus entradas directamente en nuestra <a href=\"https:\/\/viajepragramado.com.br\/es\/entradas-luces-de-navidad\/\">p\u00e1gina de entradas para Natal Luz<\/a>. Y para consultar las fechas, los precios y el programa completo de la 41.\u00aa edici\u00f3n, echa un vistazo a la gu\u00eda del <a href=\"https:\/\/viajepragramado.com.br\/es\/natal-luz-gramado-2026\/\">Natal Luz Gramado 2026<\/a>.<\/p>\n\n\n\n<h3 class=\"wp-block-heading\"><strong>\u00bfQu\u00e9 es el Gran Desfile de Navidad?<\/strong><\/h3>\n\n\n\n<figure class=\"wp-block-image size-full\"><img fetchpriority=\"high\" decoding=\"async\" width=\"575\" height=\"270\" src=\"http:\/\/viajepragramado.com.br\/wp-content\/uploads\/2025\/10\/Cupom-Grande-Desfile-de-Natal-8.jpg\" alt=\"Gran cup\u00f3n del Desfile de Navidad\" class=\"wp-image-26313\" title=\"\" srcset=\"https:\/\/viajepragramado.com.br\/wp-content\/uploads\/2025\/10\/Cupom-Grande-Desfile-de-Natal-8.jpg 575w, https:\/\/viajepragramado.com.br\/wp-content\/uploads\/2025\/10\/Cupom-Grande-Desfile-de-Natal-8-768x360.jpg 768w, https:\/\/viajepragramado.com.br\/wp-content\/uploads\/2025\/10\/Cupom-Grande-Desfile-de-Natal-8-600x281.jpg 600w\" sizes=\"(max-width: 575px) 100vw, 575px\" \/><\/figure>\n\n\n\n<p class=\"wp-block-paragraph\">O <strong>Gran desfile de Navidad<\/strong> es uno de los espect\u00e1culos m\u00e1s emblem\u00e1ticos del <strong>Natal Luz en Gramado<\/strong>, que atrae a miles de turistas cada a\u00f1o. Aunque tradicionalmente se celebra en la Avenida das Hort\u00eansias, en esta 41.\u00aa edici\u00f3n vuelve por todo lo alto, organizado en la <strong>Expogramado<\/strong>, con una estructura propia y a\u00fan m\u00e1s comodidad para el p\u00fablico.<\/p>\n\n\n\n<p class=\"wp-block-paragraph\">El desfile mezcla <strong>m\u00fasica, luces, coreograf\u00eda, efectos especiales, carrozas y personajes navide\u00f1os<\/strong>, como Pap\u00e1 Noel, \u00e1ngeles, duendes y juguetes vivientes, todo ello con una trama emocionante y una banda sonora original. En esta edici\u00f3n hay <strong>400 personajes en escena<\/strong>, m\u00e1s de <strong>50 mu\u00f1ecos<\/strong> interactuando con el p\u00fablico y m\u00e1s de <strong>10 carrozas<\/strong> \u2014 una experiencia \u00fanica para todas las edades.<\/p>\n\n\n\n<h3 class=\"wp-block-heading\"><strong>\u00bfCu\u00e1ndo tendr\u00e1 lugar el Gran Desfile de Navidad de 2026?<\/strong><\/h3>\n\n\n\n<p class=\"wp-block-paragraph\">O <strong>Navidad de las Luces de Gramado 2026<\/strong> se produce a partir de <strong>Del 22 de octubre de 2026 al 17 de enero de 2027<\/strong>.<br>O <strong>Gran desfile de Navidad<\/strong> se presentar\u00e1 ante las <strong>los mi\u00e9rcoles, los viernes y los domingos<\/strong>, en <strong>20:00 h<\/strong>.<\/p>\n\n\n\n<h4 class=\"wp-block-heading\"><strong>Informaci\u00f3n principal:<\/strong><\/h4>\n\n\n\n<ul class=\"wp-block-list\">\n<li><strong>Fechas del evento<\/strong>: del 22 de octubre de 2026 al 17 de enero de 2027<br><\/li>\n\n\n\n<li><strong>D\u00edas del desfile<\/strong>: los mi\u00e9rcoles, viernes y domingos<br><\/li>\n\n\n\n<li><strong>Horario<\/strong>: 20:00 h<br><\/li>\n\n\n\n<li><strong>Ubicaci\u00f3n<\/strong>: Expogramado, Gramado \u2013 RS<br><\/li>\n<\/ul>\n\n\n\n<p class=\"wp-block-paragraph\"><strong>Importante:<\/strong> en <strong>lluvia torrencial<\/strong>El desfile puede ser <strong>aplazado o reprogramado<\/strong>. La organizaci\u00f3n suele informar con antelaci\u00f3n en los canales oficiales y en la propia p\u00e1gina del billete.<\/p>\n\n\n\n<h3 class=\"wp-block-heading\"><strong>Sectores, precios y consejos para disfrutar mejor de la experiencia<\/strong><\/h3>\n\n\n\n<figure class=\"wp-block-image size-full is-resized\"><img decoding=\"async\" width=\"1010\" height=\"714\" src=\"http:\/\/viajepragramado.com.br\/wp-content\/uploads\/2025\/10\/Mapa-Grande-Desfile-de-Natal.webp\" alt=\"Mapa del Gran Desfile de Navidad\" class=\"wp-image-26314\" style=\"width:629px;height:auto\" title=\"\" srcset=\"https:\/\/viajepragramado.com.br\/wp-content\/uploads\/2025\/10\/Mapa-Grande-Desfile-de-Natal.webp 1010w, https:\/\/viajepragramado.com.br\/wp-content\/uploads\/2025\/10\/Mapa-Grande-Desfile-de-Natal-768x542.webp 768w, https:\/\/viajepragramado.com.br\/wp-content\/uploads\/2025\/10\/Mapa-Grande-Desfile-de-Natal-18x12.webp 18w, https:\/\/viajepragramado.com.br\/wp-content\/uploads\/2025\/10\/Mapa-Grande-Desfile-de-Natal-600x424.webp 600w\" sizes=\"(max-width: 1010px) 100vw, 1010px\" \/><\/figure>\n\n\n\n<p class=\"wp-block-paragraph\">El recinto est\u00e1 dividido en sectores con asientos, lo que garantiza una buena organizaci\u00f3n y una excelente visibilidad para todos los espectadores.<\/p>\n\n\n\n<h4 class=\"wp-block-heading\"><strong>Sectores y valores de la 41.\u00aa edici\u00f3n:<\/strong><\/h4>\n\n\n\n<ul class=\"wp-block-list\">\n<li><strong>Sillas<\/strong>: R$ 420 (entrada general, mayores de 16 a\u00f1os) o R$ 380 (j\u00f3venes \/ personas mayores \/ estudiantes)<br><\/li>\n\n\n\n<li><strong>Sector VIP<\/strong>: R$ 520 (tarifa completa) o R$ 480 (j\u00f3venes \/ personas mayores \/ estudiantes), con una ubicaci\u00f3n privilegiada<br><\/li>\n<\/ul>\n\n\n\n<p class=\"wp-block-paragraph\">Aplicar el cup\u00f3n <strong>OVIAJANTE<\/strong>, el sector de las sillas empieza en torno a <strong>R$ 342<\/strong> (joven \/ tercera edad \/ estudiante). Los precios pueden variar en funci\u00f3n de la fecha y el lote; compru\u00e9balos siempre en el momento de la compra.<\/p>\n\n\n\n<p class=\"wp-block-paragraph\"><strong>Consejo:<\/strong> Llegar con <strong>con al menos 1 hora de antelaci\u00f3n<\/strong>. El tr\u00e1fico en Gramado suele ser denso los d\u00edas del evento, especialmente los fines de semana y festivos. Esto garantiza una llegada fluida y la posibilidad de disfrutar del ambiente navide\u00f1o antes de que empiece el espect\u00e1culo.<\/p>\n\n\n\n<h3 class=\"wp-block-heading\"><strong>\u00bfC\u00f3mo comprar entradas con descuento?<\/strong><\/h3>\n\n\n\n<p class=\"wp-block-paragraph\">La mejor forma de asegurarte las entradas para el Gran Desfile de Navidad de 2026 es a trav\u00e9s de esta p\u00e1gina web de confianza <strong>Parksnet<\/strong>especializado en atracciones de la Serra Ga\u00facha. A <strong>Viajes a Gramado<\/strong>Nuestra agencia <strong>Socio de Parksnet<\/strong>garantizando apoyo y seguridad durante su compra.<\/p>\n\n\n\n<p class=\"wp-block-paragraph\"><strong>Utiliza el cup\u00f3n promocional: <\/strong><strong>OVIAJANTE<\/strong><strong><br><\/strong> <strong>Descuento: 15% en cualquier sector<\/strong><strong><br><\/strong> <strong>Enlace de compra con descuento<\/strong>:<br>\ud83d\udc49<a href=\"https:\/\/parksnet.com.br\/ingressos\/natal-luz?ingToken=grandedesfiledenatal&amp;bookingAgency=21\" rel=\"nofollow noopener\" target=\"_blank\"> https:\/\/parksnet.com.br\/ingressos\/natal-luz?ingToken=grandedesfiledenatal&amp;bookingAgency=21<\/a><\/p>\n\n\n\n<h3 class=\"wp-block-heading\"><strong>Consejos para aprovechar al m\u00e1ximo el espect\u00e1culo<\/strong><\/h3>\n\n\n\n<ul class=\"wp-block-list\">\n<li><strong>Reserve sus billetes con antelaci\u00f3n<\/strong>, ya que las categor\u00edas m\u00e1s solicitadas suelen agotarse r\u00e1pidamente, sobre todo en diciembre, y el primer lote siempre es el m\u00e1s barato.<br><\/li>\n\n\n\n<li><strong>Llevar ropa c\u00f3moda y de abrigo<\/strong>. Incluso en verano, las noches de Gramado son frescas.<br><\/li>\n\n\n\n<li><strong>Evitar los paraguas<\/strong>. En caso de lluvia ligera, elige un chubasquero para no obstaculizar la visi\u00f3n de los dem\u00e1s.<br><\/li>\n\n\n\n<li><strong>Llegue pronto<\/strong> y aproveche para pasear por la ciudad, a\u00fan m\u00e1s encantadora con sus decoraciones navide\u00f1as.<br><\/li>\n\n\n\n<li>Combine el desfile con otras atracciones de Natal Luz, como el espect\u00e1culo <strong><a href=\"https:\/\/viajepragramado.com.br\/es\/cupon-nativitaten-oviajante\/\" data-type=\"link\" data-id=\"https:\/\/viajepragramado.com.br\/cupom-nativitaten-oviajante\/\">Nativitaten<\/a><\/strong>.<br><\/li>\n<\/ul>\n\n\n\n<p class=\"wp-block-paragraph\"><strong>Conclusi\u00f3n<\/strong><\/p>\n\n\n\n<p class=\"wp-block-paragraph\">O <strong>Gran Desfile de Navidad de 2026<\/strong> Es una experiencia imprescindible para quienes visitan el Natal Luz de Gramado. Con una producci\u00f3n impecable, decorados grandiosos y un ambiente m\u00e1gico, el espect\u00e1culo es una aut\u00e9ntica celebraci\u00f3n del esp\u00edritu navide\u00f1o \u2014ahora en un nuevo escenario en Expogramado\u2014.<\/p>\n\n\n\n<p class=\"wp-block-paragraph\">No pierdas el tiempo: <strong>Consigue tu entrada con un descuento de 15%<\/strong> utilizando el <strong>Gran cup\u00f3n del Desfile de Navidad<\/strong> con el c\u00f3digo <strong>OVIAJANTE<\/strong>en la web oficial de Parksnet.<br>Accede ahora:<br><a href=\"https:\/\/parksnet.com.br\/ingressos\/natal-luz?ingToken=grandedesfiledenatal&amp;bookingAgency=21\" rel=\"nofollow noopener\" target=\"_blank\">https:\/\/parksnet.com.br\/ingressos\/natal-luz?ingToken=grandedesfiledenatal&amp;bookingAgency=21<\/a><\/p>\n\n\n\n<p class=\"wp-block-paragraph\">A <strong>Viajes a Gramado<\/strong>como socio oficial, le ofrece todo el apoyo que necesita para vivir esta experiencia con tranquilidad y deleite.<\/p>\n\n\n\n<h3 class=\"wp-block-heading\">Preguntas y respuestas<\/h3>\n\n\n<div id=\"rank-math-rich-snippet-wrapper\"><div id=\"rank-math-faq\" class=\"rank-math-block\">\n<div class=\"rank-math-list\">\n<div id=\"faq-1\" class=\"rank-math-list-item\">\n<h3 class=\"rank-math-question\">\u00bfCu\u00e1l es el bono del Gran Desfile de Navidad?<\/h3>\n<div class=\"rank-math-answer\">\n\n<p>El c\u00f3digo promocional es OVIAJANTE y ofrece un descuento de 15% en la compra de entradas para el Gran Desfile de Navidad de 2026. La compra se puede realizar de forma segura en la p\u00e1gina web de Parksnet.<\/p>\n\n<\/div>\n<\/div>\n<div id=\"faq-2\" class=\"rank-math-list-item\">\n<h3 class=\"rank-math-question\">\u00bfQu\u00e9 es el Gran Desfile de Navidad de Gramado?<\/h3>\n<div class=\"rank-math-answer\">\n\n<p>Se trata de un espect\u00e1culo al aire libre que mezcla m\u00fasica, coreograf\u00eda, personajes navide\u00f1os y carrozas, realizado como parte del programa oficial del Natal Luz de Gramado.<\/p>\n\n<\/div>\n<\/div>\n<div id=\"faq-3\" class=\"rank-math-list-item\">\n<h3 class=\"rank-math-question\">\u00bfCu\u00e1ndo se celebrar\u00e1 el \u00abNatal Luz de Gramado 2026\u00bb?<\/h3>\n<div class=\"rank-math-answer\">\n\n<p>El evento tendr\u00e1 lugar del 22 de octubre de 2026 al 17 de enero de 2027, en su 41.\u00aa edici\u00f3n.<\/p>\n\n<\/div>\n<\/div>\n<div id=\"faq-4\" class=\"rank-math-list-item\">\n<h3 class=\"rank-math-question\">\u00bfQu\u00e9 d\u00edas dura el Gran Desfile de Navidad?<\/h3>\n<div class=\"rank-math-answer\">\n\n<p>Las representaciones tienen lugar los mi\u00e9rcoles, viernes y domingos, a las 20:00 h, durante la temporada de \u00abNatal Luz 2026\u00bb.<\/p>\n\n<\/div>\n<\/div>\n<div id=\"faq-5\" class=\"rank-math-list-item\">\n<h3 class=\"rank-math-question\">\u00bfSe cancela el desfile en caso de lluvia?<\/h3>\n<div class=\"rank-math-answer\">\n\n<p>En caso de lluvia intensa, el desfile podr\u00e1 ser aplazado o reprogramado. La organizaci\u00f3n informar\u00e1 de cualquier cambio en los canales oficiales y en la web de entradas.<\/p>\n\n<\/div>\n<\/div>\n<div id=\"faq-6\" class=\"rank-math-list-item\">\n<h3 class=\"rank-math-question\">\u00bfD\u00f3nde tiene lugar el espect\u00e1culo?<\/h3>\n<div class=\"rank-math-answer\">\n\n<p>En esta 41.\u00aa edici\u00f3n, el Gran Desfile de Navidad se celebra en Expogramado, en Gramado, en un recinto preparado especialmente para el evento.<\/p>\n\n<\/div>\n<\/div>\n<div id=\"faq-7\" class=\"rank-math-list-item\">\n<h3 class=\"rank-math-question\">\u00bfCu\u00e1les son las mejores zonas para ver el desfile?<\/h3>\n<div class=\"rank-math-answer\">\n\n<p>Los sectores central y VIP ofrecen mejor visibilidad y comodidad. Se recomienda comprar con antelaci\u00f3n, sobre todo para las fechas cercanas a Navidad y A\u00f1o Nuevo.<\/p>\n\n<\/div>\n<\/div>\n<div id=\"faq-8\" class=\"rank-math-list-item\">\n<h3 class=\"rank-math-question\">\u00bfPuedo llevar ni\u00f1os peque\u00f1os?<\/h3>\n<div class=\"rank-math-answer\">\n\n<p>S\u00ed, el evento es seguro, familiar y muy recomendable para los ni\u00f1os. Suelen quedar encantados con la magia del desfile.<\/p>\n\n<\/div>\n<\/div>\n<\/div>\n<\/div><\/div>\n\n\n\n<p class=\"wp-block-paragraph\"><\/p>\n\n\n<div class=\"kk-star-ratings kksr-auto kksr-align-left kksr-valign-bottom\"\n    data-payload='{&quot;align&quot;:&quot;left&quot;,&quot;id&quot;:&quot;26582&quot;,&quot;slug&quot;:&quot;default&quot;,&quot;valign&quot;:&quot;bottom&quot;,&quot;ignore&quot;:&quot;&quot;,&quot;reference&quot;:&quot;auto&quot;,&quot;class&quot;:&quot;&quot;,&quot;count&quot;:&quot;1&quot;,&quot;legendonly&quot;:&quot;&quot;,&quot;readonly&quot;:&quot;&quot;,&quot;score&quot;:&quot;5&quot;,&quot;starsonly&quot;:&quot;&quot;,&quot;best&quot;:&quot;5&quot;,&quot;gap&quot;:&quot;5&quot;,&quot;greet&quot;:&quot;Vote Aqui&quot;,&quot;legend&quot;:&quot;5\\\/5 - (1 vote)&quot;,&quot;size&quot;:&quot;24&quot;,&quot;title&quot;:&quot;Cupom Grande Desfile de Natal: Ingressos com Desconto e Dicas Exclusivas&quot;,&quot;width&quot;:&quot;142.5&quot;,&quot;_legend&quot;:&quot;{score}\\\/{best} - ({count} {votes})&quot;,&quot;font_factor&quot;:&quot;1.25&quot;}'>\n            \n<div class=\"kksr-stars\">\n    \n<div class=\"kksr-stars-inactive\">\n            <div class=\"kksr-star\" data-star=\"1\" style=\"padding-right: 5px\">\n            \n\n<div class=\"kksr-icon\" style=\"width: 24px; height: 24px;\"><\/div>\n        <\/div>\n            <div class=\"kksr-star\" data-star=\"2\" style=\"padding-right: 5px\">\n            \n\n<div class=\"kksr-icon\" style=\"width: 24px; height: 24px;\"><\/div>\n        <\/div>\n            <div class=\"kksr-star\" data-star=\"3\" style=\"padding-right: 5px\">\n            \n\n<div class=\"kksr-icon\" style=\"width: 24px; height: 24px;\"><\/div>\n        <\/div>\n            <div class=\"kksr-star\" data-star=\"4\" style=\"padding-right: 5px\">\n            \n\n<div class=\"kksr-icon\" style=\"width: 24px; height: 24px;\"><\/div>\n        <\/div>\n            <div class=\"kksr-star\" data-star=\"5\" style=\"padding-right: 5px\">\n            \n\n<div class=\"kksr-icon\" style=\"width: 24px; height: 24px;\"><\/div>\n        <\/div>\n    <\/div>\n    \n<div class=\"kksr-stars-active\" style=\"width: 142.5px;\">\n            <div class=\"kksr-star\" style=\"padding-right: 5px\">\n            \n\n<div class=\"kksr-icon\" style=\"width: 24px; height: 24px;\"><\/div>\n        <\/div>\n            <div class=\"kksr-star\" style=\"padding-right: 5px\">\n            \n\n<div class=\"kksr-icon\" style=\"width: 24px; height: 24px;\"><\/div>\n        <\/div>\n            <div class=\"kksr-star\" style=\"padding-right: 5px\">\n            \n\n<div class=\"kksr-icon\" style=\"width: 24px; height: 24px;\"><\/div>\n        <\/div>\n            <div class=\"kksr-star\" style=\"padding-right: 5px\">\n            \n\n<div class=\"kksr-icon\" style=\"width: 24px; height: 24px;\"><\/div>\n        <\/div>\n            <div class=\"kksr-star\" style=\"padding-right: 5px\">\n            \n\n<div class=\"kksr-icon\" style=\"width: 24px; height: 24px;\"><\/div>\n        <\/div>\n    <\/div>\n<\/div>\n                \n\n<div class=\"kksr-legend\" style=\"font-size: 19.2px;\">\n            5\/5 - (1 voto)    <\/div>\n    <\/div>","protected":false},"excerpt":{"rendered":"<p>Se voc\u00ea est\u00e1 planejando visitar Gramado durante a temporada natalina, o Grande Desfile de Natal \u00e9 uma das atra\u00e7\u00f5es mais esperadas do Natal Luz de Gramado 2026. Este espet\u00e1culo encantador \u00e9 refer\u00eancia nacional quando o assunto \u00e9 magia, emo\u00e7\u00e3o e tradi\u00e7\u00e3o de fim de ano. E aqui voc\u00ea pode encontrar o cupom Grande Desfile de [&hellip;]<\/p>\n","protected":false},"author":1,"featured_media":26452,"comment_status":"open","ping_status":"open","sticky":false,"template":"","format":"standard","meta":{"footnotes":""},"categories":[201,153],"tags":[],"class_list":["post-26582","post","type-post","status-publish","format-standard","has-post-thumbnail","hentry","category-cupom-de-desconto","category-dicas"],"featured_image_src":"https:\/\/viajepragramado.com.br\/wp-content\/uploads\/2025\/10\/Cupom-O-Grande-Desfile-de-Natal-01.jpg","author_info":{"display_name":"Jonatas Kapczynski","author_link":"https:\/\/viajepragramado.com.br\/es\/author\/jonatas\/"},"_links":{"self":[{"href":"https:\/\/viajepragramado.com.br\/es\/wp-json\/wp\/v2\/posts\/26582","targetHints":{"allow":["GET"]}}],"collection":[{"href":"https:\/\/viajepragramado.com.br\/es\/wp-json\/wp\/v2\/posts"}],"about":[{"href":"https:\/\/viajepragramado.com.br\/es\/wp-json\/wp\/v2\/types\/post"}],"author":[{"embeddable":true,"href":"https:\/\/viajepragramado.com.br\/es\/wp-json\/wp\/v2\/users\/1"}],"replies":[{"embeddable":true,"href":"https:\/\/viajepragramado.com.br\/es\/wp-json\/wp\/v2\/comments?post=26582"}],"version-history":[{"count":0,"href":"https:\/\/viajepragramado.com.br\/es\/wp-json\/wp\/v2\/posts\/26582\/revisions"}],"wp:featuredmedia":[{"embeddable":true,"href":"https:\/\/viajepragramado.com.br\/es\/wp-json\/wp\/v2\/media\/26452"}],"wp:attachment":[{"href":"https:\/\/viajepragramado.com.br\/es\/wp-json\/wp\/v2\/media?parent=26582"}],"wp:term":[{"taxonomy":"category","embeddable":true,"href":"https:\/\/viajepragramado.com.br\/es\/wp-json\/wp\/v2\/categories?post=26582"},{"taxonomy":"post_tag","embeddable":true,"href":"https:\/\/viajepragramado.com.br\/es\/wp-json\/wp\/v2\/tags?post=26582"}],"curies":[{"name":"wp","href":"https:\/\/api.w.org\/{rel}","templated":true}]}}