{"id":29740,"date":"2026-03-17T16:26:11","date_gmt":"2026-03-17T19:26:11","guid":{"rendered":"https:\/\/viajepragramado.com.br\/?p=29740"},"modified":"2026-03-17T16:26:24","modified_gmt":"2026-03-17T19:26:24","slug":"cupon-de-alpen-park","status":"publish","type":"post","link":"https:\/\/viajepragramado.com.br\/es\/cupon-de-alpen-park\/","title":{"rendered":"Cup\u00f3n Alpen Park OVIAJANTE: \u00a1Consigue hasta 20% de descuento en Canela!"},"content":{"rendered":"<p class=\"wp-block-paragraph\">Si buscas emociones fuertes en la Serra Ga\u00facha, el <a href=\"https:\/\/viajepragramado.com.br\/es\/entradas\/parque-alpen\/\" target=\"_blank\" rel=\"noreferrer noopener nofollow\"><strong>cup\u00f3n Alpen Park OVIAJANTE<\/strong><\/a> Es tu mejor opci\u00f3n. Te garantiza descuentos exclusivos en las entradas para uno de los parques de aventuras m\u00e1s emblem\u00e1ticos de la regi\u00f3n, situado en la Carretera Arnaldo Oppitz, 901, en <strong>Canela<\/strong> (a solo 7 km de Gramado).<\/p>\n\n\n\n<p class=\"wp-block-paragraph\">El Alpen Park abre todos los d\u00edas de 9:00 a 17:20 y cuenta con una caracter\u00edstica \u00fanica: <strong>No cobra entrada<\/strong>. Solo pagas por las atracciones que quieras o puedes optar por los pases, que ofrecen la mejor relaci\u00f3n calidad-precio para familias y parejas.<\/p>\n\n\n\n<h2 class=\"wp-block-heading\"><strong>Compra tu entrada aqu\u00ed:<\/strong><\/h2>\n\n\n\n<p class=\"wp-block-paragraph\">\n<div class=\"wpcd-new-grid-container wpcd-coupon-id-29739\" >\n\t<div class=\"wpcd-new-grid-one\">\n\t\t<div class=\"wpcd-new-discount-text\">\n\t\t   5% de descuento\t\t<\/div>\n\n\t\t\t\t\t<div class=\"wpcd-new-coupon-type\" style=\"background-color: #329d40\">\n\t\t\t\tCup\u00f3n\t\t\t<\/div>\n\t\t   <\/div> <!-- End of grid-one -->\n\n   <div class=\"wpcd-new-grid-two\">\n\t   \t\t\t<h2 class=\"wpcd-new-title\">\n\t\t\t\t<a href=\"https:\/\/parksnet.com.br\/ingressos\/?ingToken=alpenpark&#038;bookingAgency=21&#038;cupom=OVIAJANTE\" target=\"_blank\" rel=\"nofollow noopener\">Cupom de Desconto Alpen Park Canela<\/a>\n\t\t\t<\/h2> \t\t<div class=\"wpcd-coupon-description\">\n\t\t\t<span class=\"wpcd-full-description\"><p style=\"text-align: left\">\u00a1Descuento exclusivo en Alpen Park! Activa el c\u00f3digo <b data-path-to-node=\"5,0\" data-index-in-node=\"65\">OVIAJANTE<\/b><\/p><\/span>\n\t\t\t<span class=\"wpcd-short-description\"><\/span>\n\t\t\t\t\t\t\t<a href=\"#\" class=\"wpcd-more-description\">More<\/a>\n\t\t\t\t<a href=\"#\" class=\"wpcd-less-description\">Less<\/a>\n\t\t\t\t\t<\/div>\n\t<\/div> <!-- End of grid-two -->\n\t<div class=\"wpcd-new-grid-three\">\n\t\t\t\t\t\t\t\t\t<a class=\"wpcd-new-coupon-code wpcd-btn-29739 masterTooltip\" rel=\"nofollow noopener\" href=\"https:\/\/parksnet.com.br\/ingressos\/?ingToken=alpenpark&#038;bookingAgency=21&#038;cupom=OVIAJANTE\" target=\"_blank\" data-clipboard-text=\"OVIAJANTE\" title=\"Haz clic para copiar el cup\u00f3n\" style=\"border-color: #329d40;\">\n\t\t\t\t   OVIAJANTE\t\t\t\t<\/a>\n\t\t\t\t\t\t\t<a class=\"wpcd-new-goto-button masterTooltip\" rel=\"nofollow noopener\" href=\"https:\/\/parksnet.com.br\/ingressos\/?ingToken=alpenpark&#038;bookingAgency=21&#038;cupom=OVIAJANTE\" target=\"_blank\" title=\"Haz clic aqu\u00ed para activar el descuento\" style=\"background-color: #329d40\">\n\t\t   Comprar aqu\u00ed\t\t<\/a>\n\t<\/div><!-- End of grid-three -->\n\t<script type=\"text\/javascript\">\n\t\twindow.addEventListener('DOMContentLoaded', function() {\n\t\t\tvar clip = new ClipboardJS('.wpcd-btn-29739');\n\t\t});\n\t<\/script>\n    \t    <div class=\"wpcd-new-grid-footer\">\n\t    \t    <\/div>\n    <\/div>\n\n<\/p>\n\n\n\n<h2 class=\"wp-block-heading\"><strong>\u00bfQu\u00e9 es el Alpen Park y por qu\u00e9 merece la pena visitarlo?<\/strong><\/h2>\n\n\n\n<figure class=\"wp-block-image size-full is-resized\"><img fetchpriority=\"high\" decoding=\"async\" width=\"1280\" height=\"750\" src=\"http:\/\/viajepragramado.com.br\/wp-content\/uploads\/2026\/03\/Alpen-Turbo-Drop.jpg\" alt=\"Alpen Turbo Drop\" class=\"wp-image-29743\" style=\"aspect-ratio:1.7066891012413092;width:469px;height:auto\" title=\"\" srcset=\"https:\/\/viajepragramado.com.br\/wp-content\/uploads\/2026\/03\/Alpen-Turbo-Drop.jpg 1280w, https:\/\/viajepragramado.com.br\/wp-content\/uploads\/2026\/03\/Alpen-Turbo-Drop-768x449.jpg 768w, https:\/\/viajepragramado.com.br\/wp-content\/uploads\/2026\/03\/Alpen-Turbo-Drop-18x12.jpg 18w, https:\/\/viajepragramado.com.br\/wp-content\/uploads\/2026\/03\/Alpen-Turbo-Drop-600x351.jpg 600w\" sizes=\"(max-width: 1280px) 100vw, 1280px\" \/><figcaption class=\"wp-element-caption\"><strong>Alpen Turbo Drop<\/strong>, una de las atracciones m\u00e1s extremas del parque<\/figcaption><\/figure>\n\n\n\n<p class=\"wp-block-paragraph\">Pionero en diversi\u00f3n extrema desde 2012, el parque ofrece m\u00e1s de <strong>20 atracciones<\/strong> integradas en la Selva Atl\u00e1ntica. Es el lugar ideal para quien quiera alejarse de lo habitual y sentir el viento en la cara.<\/p>\n\n\n\n<h3 class=\"wp-block-heading\"><strong>Principales atracciones incluidas en el Pasaporte:<\/strong><\/h3>\n\n\n\n<ul class=\"wp-block-list\">\n<li><strong>Trineo alpino:<\/strong> Un recorrido de 700 m en el que t\u00fa controlas la velocidad.<\/li>\n\n\n\n<li><strong>El fuego del drag\u00f3n:<\/strong> La nueva monta\u00f1a rusa doble que es un \u00e9xito asegurado.<\/li>\n\n\n\n<li><strong>Alpen Turbo Drop:<\/strong> Una torre de ca\u00edda libre de 18 metros de altura.<\/li>\n\n\n\n<li><strong>Alpen Motion (Cinema 4D):<\/strong> Tecnolog\u00eda y experiencia inmersiva para todas las edades.<\/li>\n\n\n\n<li><strong>Coche Alpen:<\/strong> El cl\u00e1sico cochecito de choque.<\/li>\n<\/ul>\n\n\n\n<p class=\"wp-block-paragraph\"><strong>Consejo de oro:<\/strong> El pase para adultos (para quienes miden m\u00e1s de 1,30 m) permite repeticiones ilimitadas en las atracciones principales, por lo que es la opci\u00f3n m\u00e1s ventajosa para disfrutar de entre 3 y 4 horas de diversi\u00f3n.<\/p>\n\n\n\n<h2 class=\"wp-block-heading\"><strong>\u00bfPara qui\u00e9n es adecuado el Alpen Park?<\/strong><\/h2>\n\n\n\n<figure class=\"wp-block-image size-full is-resized\"><img decoding=\"async\" width=\"1280\" height=\"750\" src=\"http:\/\/viajepragramado.com.br\/wp-content\/uploads\/2026\/03\/Fogo-do-Dragao.jpg\" alt=\"El fuego del drag\u00f3n\" class=\"wp-image-29744\" style=\"width:469px\" title=\"\" srcset=\"https:\/\/viajepragramado.com.br\/wp-content\/uploads\/2026\/03\/Fogo-do-Dragao.jpg 1280w, https:\/\/viajepragramado.com.br\/wp-content\/uploads\/2026\/03\/Fogo-do-Dragao-768x449.jpg 768w, https:\/\/viajepragramado.com.br\/wp-content\/uploads\/2026\/03\/Fogo-do-Dragao-18x12.jpg 18w, https:\/\/viajepragramado.com.br\/wp-content\/uploads\/2026\/03\/Fogo-do-Dragao-600x351.jpg 600w\" sizes=\"(max-width: 1280px) 100vw, 1280px\" \/><figcaption class=\"wp-element-caption\"><strong>El fuego del drag\u00f3n<\/strong> \u2013 Incre\u00edble monta\u00f1a rusa del Alpen Park<\/figcaption><\/figure>\n\n\n\n<p class=\"wp-block-paragraph\">El parque es para todos. Acoge desde <strong>familias con ni\u00f1os<\/strong> (a partir de 0,80 m ya se lo pasan muy bien con un acompa\u00f1ante) hasta <strong>grupos de amigos<\/strong> en busca de deportes de aventura como el quad y la escalada en \u00e1rboles con tirolina.<\/p>\n\n\n\n<ul class=\"wp-block-list\">\n<li><strong>Ni\u00f1os de hasta 0,70 m:<\/strong> No pagan.<\/li>\n\n\n\n<li><strong>Admite mascotas:<\/strong> \u00a1S\u00ed, tu mascota es bienvenida en las zonas comunes!<\/li>\n<\/ul>\n\n\n\n<h2 class=\"wp-block-heading\"><strong>Precios y horarios en 2026<\/strong><\/h2>\n\n\n\n<p class=\"wp-block-paragraph\">Planifica tu visita teniendo en cuenta el calendario actualizado:<\/p>\n\n\n\n<ul class=\"wp-block-list\">\n<li><strong>Horario:<\/strong> Todos los d\u00edas, de 9:00 a 17:20 (se permite la entrada hasta las 17:00).<\/li>\n\n\n\n<li><strong>Temporada alta:<\/strong> Suele llenarse los fines de semana y los d\u00edas festivos. <strong>Llega a las 9:00 h<\/strong> para subir al trineo sin hacer cola.<\/li>\n\n\n\n<li><strong>Valores adicionales:<\/strong> El aparcamiento cuesta una media de R$ 20,00. Las atracciones como el quad (R$ 148 por persona) se pagan aparte del pase general.<\/li>\n<\/ul>\n\n\n\n<h2 class=\"wp-block-heading\"><strong>\u00bfC\u00f3mo se utiliza el cup\u00f3n \u00abAlpen Park OVIAJANTE\u00bb?<\/strong><\/h2>\n\n\n\n<p class=\"wp-block-paragraph\">Para asegurarte el precio promocional y evitar colas en la taquilla f\u00edsica, la compra debe realizarse online a trav\u00e9s de <a href=\"https:\/\/viajepragramado.com.br\/es\/entradas\/parque-alpen\/\"><strong>Viajes a Gramado<\/strong><\/a>.<\/p>\n\n\n\n<ol class=\"wp-block-list\">\n<li>Visite el sitio web oficial de ventas: <a href=\"https:\/\/parksnet.com.br\/ingressos\/?ingToken=alpenpark&amp;bookingAgency=21&amp;cupom=OVIAJANTE\" target=\"_blank\" rel=\"noreferrer noopener nofollow\">Pulse aqu\u00ed<\/a><\/li>\n\n\n\n<li>Selecciona la fecha de tu visita y los pases que desees.<\/li>\n\n\n\n<li>Introduce el c\u00f3digo <strong>OVIAJANTE<\/strong> en el campo del cup\u00f3n.<\/li>\n\n\n\n<li>Finaliza la compra y muestra el vale en tu m\u00f3vil en la entrada del parque.<\/li>\n<\/ol>\n\n\n\n<h2 class=\"wp-block-heading\"><strong>\u00bfMerece la pena visitarlo con descuento?<\/strong><\/h2>\n\n\n\n<figure class=\"wp-block-image size-full is-resized\"><img decoding=\"async\" width=\"1280\" height=\"750\" src=\"http:\/\/viajepragramado.com.br\/wp-content\/uploads\/2026\/03\/Big-Land-do-Alpen-Park.jpg\" alt=\"Big Land del Alpen Park\" class=\"wp-image-29745\" style=\"width:469px\" title=\"\" srcset=\"https:\/\/viajepragramado.com.br\/wp-content\/uploads\/2026\/03\/Big-Land-do-Alpen-Park.jpg 1280w, https:\/\/viajepragramado.com.br\/wp-content\/uploads\/2026\/03\/Big-Land-do-Alpen-Park-768x449.jpg 768w, https:\/\/viajepragramado.com.br\/wp-content\/uploads\/2026\/03\/Big-Land-do-Alpen-Park-18x12.jpg 18w, https:\/\/viajepragramado.com.br\/wp-content\/uploads\/2026\/03\/Big-Land-do-Alpen-Park-600x351.jpg 600w\" sizes=\"(max-width: 1280px) 100vw, 1280px\" \/><figcaption class=\"wp-element-caption\">Big Land del Alpen Park<\/figcaption><\/figure>\n\n\n\n<p class=\"wp-block-paragraph\">Sin duda. O <strong>Merece la pena visitar Alpen Park<\/strong> por combinar naturaleza y tecnolog\u00eda. Al utilizar el cup\u00f3n OVIAJANTE, ahorras en la entrada y puedes invertir ese dinero en una comida en Canela o en otras experiencias en la Serra Ga\u00facha.<\/p>\n\n\n\n<p class=\"wp-block-paragraph\"><strong>\u00bfListo para la aventura?<\/strong> \u00a1Consigue ya tu entrada con descuento en Parksnet y disfruta de lo mejor de Canela!<\/p>\n\n\n\n<h2 class=\"wp-block-heading\">\u00bfQu\u00e9 preguntas se hace la gente sobre el Alpen Park?<\/h2>\n\n\nNo se ha encontrado ning\u00fan schema.","protected":false},"excerpt":{"rendered":"<p>Utiliza el cup\u00f3n Alpen Park OVIAJANTE y aseg\u00farate el mejor precio en tus entradas para Canela, con descuentos de hasta 20%. Canjea aqu\u00ed tu cup\u00f3n.<\/p>","protected":false},"author":1,"featured_media":29742,"comment_status":"open","ping_status":"open","sticky":false,"template":"","format":"standard","meta":{"footnotes":""},"categories":[201],"tags":[482],"class_list":["post-29740","post","type-post","status-publish","format-standard","has-post-thumbnail","hentry","category-cupom-de-desconto","tag-cupom-alpen-park"],"featured_image_src":"https:\/\/viajepragramado.com.br\/wp-content\/uploads\/2026\/03\/Cupom-Alpen-Park.jpg","author_info":{"display_name":"Jonatas Kapczynski","author_link":"https:\/\/viajepragramado.com.br\/es\/author\/jonatas\/"},"_links":{"self":[{"href":"https:\/\/viajepragramado.com.br\/es\/wp-json\/wp\/v2\/posts\/29740","targetHints":{"allow":["GET"]}}],"collection":[{"href":"https:\/\/viajepragramado.com.br\/es\/wp-json\/wp\/v2\/posts"}],"about":[{"href":"https:\/\/viajepragramado.com.br\/es\/wp-json\/wp\/v2\/types\/post"}],"author":[{"embeddable":true,"href":"https:\/\/viajepragramado.com.br\/es\/wp-json\/wp\/v2\/users\/1"}],"replies":[{"embeddable":true,"href":"https:\/\/viajepragramado.com.br\/es\/wp-json\/wp\/v2\/comments?post=29740"}],"version-history":[{"count":0,"href":"https:\/\/viajepragramado.com.br\/es\/wp-json\/wp\/v2\/posts\/29740\/revisions"}],"wp:featuredmedia":[{"embeddable":true,"href":"https:\/\/viajepragramado.com.br\/es\/wp-json\/wp\/v2\/media\/29742"}],"wp:attachment":[{"href":"https:\/\/viajepragramado.com.br\/es\/wp-json\/wp\/v2\/media?parent=29740"}],"wp:term":[{"taxonomy":"category","embeddable":true,"href":"https:\/\/viajepragramado.com.br\/es\/wp-json\/wp\/v2\/categories?post=29740"},{"taxonomy":"post_tag","embeddable":true,"href":"https:\/\/viajepragramado.com.br\/es\/wp-json\/wp\/v2\/tags?post=29740"}],"curies":[{"name":"wp","href":"https:\/\/api.w.org\/{rel}","templated":true}]}}