{"id":29815,"date":"2026-03-24T18:38:07","date_gmt":"2026-03-24T21:38:07","guid":{"rendered":"https:\/\/viajepragramado.com.br\/?p=29815"},"modified":"2026-03-24T18:38:21","modified_gmt":"2026-03-24T21:38:21","slug":"semana-santa-en-gramado-2026","status":"publish","type":"post","link":"https:\/\/viajepragramado.com.br\/es\/semana-santa-en-gramado-2026\/","title":{"rendered":"La gu\u00eda definitiva de la Semana Santa en Gramado 2026: programa y recomendaciones de excursiones"},"content":{"rendered":"<p class=\"wp-block-paragraph\">La Semana Santa en Gramado 2026 no es solo una festividad. Es una experiencia sensorial. El aroma del chocolate artesanal inunda las calles, mientras la ciudad se transforma en un escenario de cuento de hadas.<\/p>\n\n\n\n<p class=\"wp-block-paragraph\">Si tienes pensado visitar la Serra Ga\u00facha durante la <strong><a href=\"https:\/\/pascoaemgramado.net.br\/\" target=\"_blank\" data-type=\"link\" data-id=\"https:\/\/pascoaemgramado.net.br\/\" rel=\"noreferrer noopener nofollow\">Chocop\u00e1scoa Gramado 2026<\/a><\/strong>, esta gu\u00eda es tu mapa del tesoro. \u00bfVamos al grano?<\/p>\n\n\n\n<h2 class=\"wp-block-heading\"><strong>Programa oficial de la Semana Santa en Gramado 2026: Lo que no te puedes perder<\/strong><\/h2>\n\n\n\n<figure class=\"wp-block-image size-full is-resized\"><img fetchpriority=\"high\" decoding=\"async\" width=\"1280\" height=\"750\" src=\"http:\/\/viajepragramado.com.br\/wp-content\/uploads\/2026\/03\/Semana-Santa-em-Gramado-2026-Desfile.jpg\" alt=\"Semana Santa en Gramado 2026 \" class=\"wp-image-29817\" style=\"aspect-ratio:1.7066891012413092;width:565px;height:auto\" title=\"\" srcset=\"https:\/\/viajepragramado.com.br\/wp-content\/uploads\/2026\/03\/Semana-Santa-em-Gramado-2026-Desfile.jpg 1280w, https:\/\/viajepragramado.com.br\/wp-content\/uploads\/2026\/03\/Semana-Santa-em-Gramado-2026-Desfile-768x449.jpg 768w, https:\/\/viajepragramado.com.br\/wp-content\/uploads\/2026\/03\/Semana-Santa-em-Gramado-2026-Desfile-18x12.jpg 18w, https:\/\/viajepragramado.com.br\/wp-content\/uploads\/2026\/03\/Semana-Santa-em-Gramado-2026-Desfile-600x351.jpg 600w\" sizes=\"(max-width: 1280px) 100vw, 1280px\" \/><figcaption class=\"wp-element-caption\">Este es uno de los mejores momentos de la Semana Santa en Gramado 2026: el desfile de Pascua<\/figcaption><\/figure>\n\n\n\n<p class=\"wp-block-paragraph\">Gramado se toma muy en serio las tradiciones. La ciudad se divide entre la profunda religiosidad y la alegr\u00eda festiva de la Semana Santa.<\/p>\n\n\n\n<h3 class=\"wp-block-heading\"><strong>Domingo de Ramos: El inicio de la Semana Santa<\/strong><\/h3>\n\n\n\n<p class=\"wp-block-paragraph\">El domingo anterior a la Pascua, la <strong>Procesi\u00f3n de Ramos<\/strong> (normalmente a las <strong>9:30<\/strong>) da color a la Avenida Borges de Medeiros con fieles que llevan ramas de olivo y mimbre, y culmina con una misa solemne en la Iglesia Parroquial de San Pedro, en la que se celebra la entrada triunfal de Jes\u00fas en Jerusal\u00e9n.<\/p>\n\n\n\n<h3 class=\"wp-block-heading\"><strong>Procesi\u00f3n de los Pasos (Viernes Santo)<\/strong><\/h3>\n\n\n\n<p class=\"wp-block-paragraph\">Este es el momento m\u00e1s solemne. El <strong>Procesi\u00f3n de los Pasos<\/strong> tiene lugar el Viernes Santo (3 de abril de 2026), normalmente a partir de las <strong>20:00 h<\/strong>. La procesi\u00f3n recorre la avenida Borges de Medeiros, representando la Pasi\u00f3n de Cristo en un silencio respetuoso e iluminada por antorchas. Es emocionante.<\/p>\n\n\n\n<h3 class=\"wp-block-heading\"><strong>Parada de Pascua (s\u00e1bados y domingos)<\/strong><\/h3>\n\n\n\n<p class=\"wp-block-paragraph\">\u00bfQuieres ver al Conejo de cerca? A <strong>Desfile de Pascua<\/strong> tiene lugar los s\u00e1bados y domingos en la avenida principal de la ciudad, a las <strong>15:00 h<\/strong>. Es un desfile interactivo con carrozas, personajes y mucha m\u00fasica. \u00a1Llega 30 minutos antes para asegurarte un buen sitio en la acera!<\/p>\n\n\n\n<h3 class=\"wp-block-heading\"><strong>Pueblo de Pascua y Casa del Conejo<\/strong><\/h3>\n\n\n\n<p class=\"wp-block-paragraph\">Situada en la Plaza de las Etnias, la <strong>Pueblo de Pascua<\/strong> Est\u00e1 abierto todos los d\u00edas de 10:00 a 20:00. All\u00ed encontrar\u00e1s artesan\u00eda local y la famosa <strong>Conejera<\/strong>, donde los m\u00e1s peque\u00f1os pueden interactuar con el anfitri\u00f3n de la fiesta.<\/p>\n\n\n\n<h2 class=\"wp-block-heading\"><strong>Deporte y diversi\u00f3n: Carrera y marcha del Conejo<\/strong><\/h2>\n\n\n\n<figure class=\"wp-block-image size-full is-resized\"><img decoding=\"async\" width=\"1280\" height=\"750\" src=\"http:\/\/viajepragramado.com.br\/wp-content\/uploads\/2026\/03\/Corrida-do-Coelho-em-Gramado.jpg\" alt=\"Carrera del Conejo en Gramado\" class=\"wp-image-29818\" style=\"width:565px\" title=\"\" srcset=\"https:\/\/viajepragramado.com.br\/wp-content\/uploads\/2026\/03\/Corrida-do-Coelho-em-Gramado.jpg 1280w, https:\/\/viajepragramado.com.br\/wp-content\/uploads\/2026\/03\/Corrida-do-Coelho-em-Gramado-768x449.jpg 768w, https:\/\/viajepragramado.com.br\/wp-content\/uploads\/2026\/03\/Corrida-do-Coelho-em-Gramado-18x12.jpg 18w, https:\/\/viajepragramado.com.br\/wp-content\/uploads\/2026\/03\/Corrida-do-Coelho-em-Gramado-600x351.jpg 600w\" sizes=\"(max-width: 1280px) 100vw, 1280px\" \/><figcaption class=\"wp-element-caption\">Instant\u00e1nea de la carrera del Conejo en Gramado<\/figcaption><\/figure>\n\n\n\n<p class=\"wp-block-paragraph\">Para quienes no quieren descuidar su salud entre un bomb\u00f3n y otro, la <strong>Carrera y paseo de conejos<\/strong> Es una tradici\u00f3n. Este evento, que suele celebrarse el s\u00e1bado por la ma\u00f1ana, re\u00fane a las familias en un recorrido l\u00fadico. Las plazas suelen agotarse r\u00e1pidamente, as\u00ed que estate atento al calendario oficial.<\/p>\n\n\n\n<h3 class=\"wp-block-heading\">1.\u00ba Torneo de tenis de playa de Choco en Gramado<\/h3>\n\n\n\n<p class=\"wp-block-paragraph\">La gran novedad de 2026 es el <strong>1.\u00ba Torneo de tenis de playa de Choco en Gramado<\/strong>, que lleva la arena a la Serra Ga\u00facha en una emocionante competici\u00f3n durante las vacaciones. El evento tiene lugar en pistas montadas especialmente para el torneo, y re\u00fane a deportistas y aficionados en un ambiente de convivencia regado de mucho chocolate y deporte. Si eres aficionado a un estilo de vida activo, merece la pena pasarte por las pistas y animar (\u00a1o jugar!) entre una visita y otra a los lugares tur\u00edsticos.<\/p>\n\n\n\n<h2 class=\"wp-block-heading\"><strong>Consejos de un conocedor: C\u00f3mo evitar las colas<\/strong><\/h2>\n\n\n\n<figure class=\"wp-block-image size-full is-resized\"><img decoding=\"async\" width=\"1280\" height=\"750\" src=\"http:\/\/viajepragramado.com.br\/wp-content\/uploads\/2026\/03\/Como-fugir-das-filas-em-Gramado.jpg\" alt=\"C\u00f3mo evitar las colas en Gramado\" class=\"wp-image-29819\" style=\"width:565px\" title=\"\" srcset=\"https:\/\/viajepragramado.com.br\/wp-content\/uploads\/2026\/03\/Como-fugir-das-filas-em-Gramado.jpg 1280w, https:\/\/viajepragramado.com.br\/wp-content\/uploads\/2026\/03\/Como-fugir-das-filas-em-Gramado-768x449.jpg 768w, https:\/\/viajepragramado.com.br\/wp-content\/uploads\/2026\/03\/Como-fugir-das-filas-em-Gramado-18x12.jpg 18w, https:\/\/viajepragramado.com.br\/wp-content\/uploads\/2026\/03\/Como-fugir-das-filas-em-Gramado-600x351.jpg 600w\" sizes=\"(max-width: 1280px) 100vw, 1280px\" \/><figcaption class=\"wp-element-caption\">Uno de los lugares m\u00e1s interesantes para hacer bonitas fotos son los p\u00f3rticos de entrada de Gramado. <\/figcaption><\/figure>\n\n\n\n<p class=\"wp-block-paragraph\">Gramado se llena de gente durante la Semana Santa. Si quieres hacerte esa foto cl\u00e1sica sin cientos de personas al fondo, sigue este consejo de alguien que conoce bien la ciudad:<\/p>\n\n\n\n<ul class=\"wp-block-list\">\n<li><strong>La calle Torta y el Lago Negro:<\/strong> El secreto est\u00e1 en el despertador. Acude a estos sitios <strong>antes de las 7:30 de la ma\u00f1ana<\/strong>. La luz del amanecer es perfecta para hacer fotos y tendr\u00e1s el paisaje solo para ti.<\/li>\n\n\n\n<li><strong>Restaurantes:<\/strong> Almuerza temprano (11:30) o tarde (15:00) para evitar las colas, que pueden llegar a durar hasta dos horas en los sitios m\u00e1s famosos.<\/li>\n<\/ul>\n\n\n\n<h2 class=\"wp-block-heading\"><strong>Seguridad y descuentos: \u00a1No caigas en estafas!<\/strong><\/h2>\n\n\n\n<figure class=\"wp-block-image size-full is-resized\"><img loading=\"lazy\" decoding=\"async\" width=\"1600\" height=\"893\" src=\"http:\/\/viajepragramado.com.br\/wp-content\/uploads\/2026\/03\/Cupom-de-desconto-em-Gramado-e-Canela-com-40-por-cento-de-desconto.jpeg\" alt=\"Cup\u00f3n de descuento en Gramado y Canela con un 40 % de descuento\" class=\"wp-image-29820\" style=\"aspect-ratio:1.791727769630716;object-fit:cover;width:565px\" title=\"\" srcset=\"https:\/\/viajepragramado.com.br\/wp-content\/uploads\/2026\/03\/Cupom-de-desconto-em-Gramado-e-Canela-com-40-por-cento-de-desconto.jpeg 1600w, https:\/\/viajepragramado.com.br\/wp-content\/uploads\/2026\/03\/Cupom-de-desconto-em-Gramado-e-Canela-com-40-por-cento-de-desconto-768x428.jpeg 768w, https:\/\/viajepragramado.com.br\/wp-content\/uploads\/2026\/03\/Cupom-de-desconto-em-Gramado-e-Canela-com-40-por-cento-de-desconto-600x334.jpeg 600w\" sizes=\"(max-width: 1600px) 100vw, 1600px\" \/><figcaption class=\"wp-element-caption\">Cup\u00f3n de descuento en Gramado y Canela con el c\u00f3digo 40% OFF<\/figcaption><\/figure>\n\n\n\n<p class=\"wp-block-paragraph\">Por desgracia, la gran afluencia de turistas da lugar a situaciones indeseables en las calles. Muchos vendedores ofrecen \u201cvales\u201d dudosos o \u00abregalos\u00bb que, en realidad, ocultan t\u00e9cnicas de venta agresivas de multipropiedad.<\/p>\n\n\n\n<p class=\"wp-block-paragraph\"><strong>Un tesoro para el viajero:<\/strong> Nunca aceptes que te aborden por la calle ni compres en p\u00e1ginas web que no cuenten con un certificado de seguridad. Para asegurarte los mejores precios y, sobre todo, <strong>seguridad<\/strong>, utiliza los canales oficiales.<\/p>\n\n\n\n<p class=\"wp-block-paragraph\">La Agencia <strong>Viajes a Gramado<\/strong> Ha reunido a los mejores socios de la Serra Ga\u00facha en un solo lugar. Puedes comprar entradas para parques, museos y las famosas cenas tem\u00e1ticas con total tranquilidad.<\/p>\n\n\n\n<p class=\"wp-block-paragraph\"><strong>CONSEJO EXTRA:<\/strong> Utiliza el cup\u00f3n <strong>OVIAJANTE<\/strong> para garantizar hasta <strong>Descuento 40%<\/strong> en su reserva.<\/p>\n\n\n\n<p class=\"wp-block-paragraph\">\ud83d\udc49<a href=\"https:\/\/viajepragramado.com.br\/es\/cupones-de-descuento\/\"> Haz clic aqu\u00ed para acceder a los cupones y entradas oficiales<\/a><\/p>\n\n\n\n<p class=\"wp-block-paragraph\">Gramado en Semana Santa es un recuerdo que perdura para siempre. Con una buena planificaci\u00f3n y las herramientas adecuadas, tu \u00fanica preocupaci\u00f3n ser\u00e1 decidir qu\u00e9 chocolate probar primero.<\/p>\n\n\n<div class=\"kk-star-ratings kksr-auto kksr-align-left kksr-valign-bottom\"\n    data-payload='{&quot;align&quot;:&quot;left&quot;,&quot;id&quot;:&quot;29815&quot;,&quot;slug&quot;:&quot;default&quot;,&quot;valign&quot;:&quot;bottom&quot;,&quot;ignore&quot;:&quot;&quot;,&quot;reference&quot;:&quot;auto&quot;,&quot;class&quot;:&quot;&quot;,&quot;count&quot;:&quot;0&quot;,&quot;legendonly&quot;:&quot;&quot;,&quot;readonly&quot;:&quot;&quot;,&quot;score&quot;:&quot;0&quot;,&quot;starsonly&quot;:&quot;&quot;,&quot;best&quot;:&quot;5&quot;,&quot;gap&quot;:&quot;5&quot;,&quot;greet&quot;:&quot;Vote Aqui&quot;,&quot;legend&quot;:&quot;0\\\/5 - (0 votes)&quot;,&quot;size&quot;:&quot;24&quot;,&quot;title&quot;:&quot;O Guia Definitivo da Semana Santa em Gramado 2026: Programa\u00e7\u00e3o e Dicas de Passeios&quot;,&quot;width&quot;:&quot;0&quot;,&quot;_legend&quot;:&quot;{score}\\\/{best} - ({count} {votes})&quot;,&quot;font_factor&quot;:&quot;1.25&quot;}'>\n            \n<div class=\"kksr-stars\">\n    \n<div class=\"kksr-stars-inactive\">\n            <div class=\"kksr-star\" data-star=\"1\" style=\"padding-right: 5px\">\n            \n\n<div class=\"kksr-icon\" style=\"width: 24px; height: 24px;\"><\/div>\n        <\/div>\n            <div class=\"kksr-star\" data-star=\"2\" style=\"padding-right: 5px\">\n            \n\n<div class=\"kksr-icon\" style=\"width: 24px; height: 24px;\"><\/div>\n        <\/div>\n            <div class=\"kksr-star\" data-star=\"3\" style=\"padding-right: 5px\">\n            \n\n<div class=\"kksr-icon\" style=\"width: 24px; height: 24px;\"><\/div>\n        <\/div>\n            <div class=\"kksr-star\" data-star=\"4\" style=\"padding-right: 5px\">\n            \n\n<div class=\"kksr-icon\" style=\"width: 24px; height: 24px;\"><\/div>\n        <\/div>\n            <div class=\"kksr-star\" data-star=\"5\" style=\"padding-right: 5px\">\n            \n\n<div class=\"kksr-icon\" style=\"width: 24px; height: 24px;\"><\/div>\n        <\/div>\n    <\/div>\n    \n<div class=\"kksr-stars-active\" style=\"width: 0px;\">\n            <div class=\"kksr-star\" style=\"padding-right: 5px\">\n            \n\n<div class=\"kksr-icon\" style=\"width: 24px; height: 24px;\"><\/div>\n        <\/div>\n            <div class=\"kksr-star\" style=\"padding-right: 5px\">\n            \n\n<div class=\"kksr-icon\" style=\"width: 24px; height: 24px;\"><\/div>\n        <\/div>\n            <div class=\"kksr-star\" style=\"padding-right: 5px\">\n            \n\n<div class=\"kksr-icon\" style=\"width: 24px; height: 24px;\"><\/div>\n        <\/div>\n            <div class=\"kksr-star\" style=\"padding-right: 5px\">\n            \n\n<div class=\"kksr-icon\" style=\"width: 24px; height: 24px;\"><\/div>\n        <\/div>\n            <div class=\"kksr-star\" style=\"padding-right: 5px\">\n            \n\n<div class=\"kksr-icon\" style=\"width: 24px; height: 24px;\"><\/div>\n        <\/div>\n    <\/div>\n<\/div>\n                \n\n<div class=\"kksr-legend\" style=\"font-size: 19.2px;\">\n            <span class=\"kksr-muted\">Vote aqu\u00ed<\/span>\n    <\/div>\n    <\/div>","protected":false},"excerpt":{"rendered":"<p>Mir\u00e1 la programaci\u00f3n completa de la Semana Santa en Gramado 2026. Horarios de la Procesi\u00f3n, Desfile de Pascua y cupones de hasta 40% OFF.<\/p>","protected":false},"author":1,"featured_media":29816,"comment_status":"open","ping_status":"open","sticky":false,"template":"","format":"standard","meta":{"footnotes":""},"categories":[153],"tags":[],"class_list":["post-29815","post","type-post","status-publish","format-standard","has-post-thumbnail","hentry","category-dicas"],"featured_image_src":"https:\/\/viajepragramado.com.br\/wp-content\/uploads\/2026\/03\/Semana-Santa-em-Gramado-2026.jpg","author_info":{"display_name":"Jonatas Kapczynski","author_link":"https:\/\/viajepragramado.com.br\/es\/author\/jonatas\/"},"_links":{"self":[{"href":"https:\/\/viajepragramado.com.br\/es\/wp-json\/wp\/v2\/posts\/29815","targetHints":{"allow":["GET"]}}],"collection":[{"href":"https:\/\/viajepragramado.com.br\/es\/wp-json\/wp\/v2\/posts"}],"about":[{"href":"https:\/\/viajepragramado.com.br\/es\/wp-json\/wp\/v2\/types\/post"}],"author":[{"embeddable":true,"href":"https:\/\/viajepragramado.com.br\/es\/wp-json\/wp\/v2\/users\/1"}],"replies":[{"embeddable":true,"href":"https:\/\/viajepragramado.com.br\/es\/wp-json\/wp\/v2\/comments?post=29815"}],"version-history":[{"count":0,"href":"https:\/\/viajepragramado.com.br\/es\/wp-json\/wp\/v2\/posts\/29815\/revisions"}],"wp:featuredmedia":[{"embeddable":true,"href":"https:\/\/viajepragramado.com.br\/es\/wp-json\/wp\/v2\/media\/29816"}],"wp:attachment":[{"href":"https:\/\/viajepragramado.com.br\/es\/wp-json\/wp\/v2\/media?parent=29815"}],"wp:term":[{"taxonomy":"category","embeddable":true,"href":"https:\/\/viajepragramado.com.br\/es\/wp-json\/wp\/v2\/categories?post=29815"},{"taxonomy":"post_tag","embeddable":true,"href":"https:\/\/viajepragramado.com.br\/es\/wp-json\/wp\/v2\/tags?post=29815"}],"curies":[{"name":"wp","href":"https:\/\/api.w.org\/{rel}","templated":true}]}}