{"id":29840,"date":"2026-03-30T13:00:21","date_gmt":"2026-03-30T16:00:21","guid":{"rendered":"https:\/\/viajepragramado.com.br\/?p=29840"},"modified":"2026-03-30T13:00:50","modified_gmt":"2026-03-30T16:00:50","slug":"vila-da-monica-en-gramado","status":"publish","type":"post","link":"https:\/\/viajepragramado.com.br\/es\/vila-da-monica-en-gramado\/","title":{"rendered":"Vila da M\u00f4nica en Gramado: Cup\u00f3n OVIAJANTE con hasta 40% de descuento."},"content":{"rendered":"<div class=\"wp-block-rank-math-toc-block\" id=\"rank-math-toc\"><h2>Qu\u00e9 encontrar\u00e1s en esta gu\u00eda<\/h2><nav><ul><li class=\"\"><a href=\"#resumo-do-passeio\">Resumen de la excursi\u00f3n:<\/a><\/li><li class=\"\"><a href=\"#passo-a-passo-para-comprar-com-o-desconto-aplicado\">Pasos a seguir para comprar con el descuento aplicado:<\/a><\/li><li class=\"\"><a href=\"#gastronomia-e-sabores-locais\">Gastronom\u00eda y sabores locales<\/a><\/li><li class=\"\"><a href=\"#compras-e-recordacoes\">Compras y recuerdos<\/a><\/li><li class=\"\"><a href=\"#apoio-a-familia-e-inclusao\">Apoyo a la familia e inclusi\u00f3n<\/a><\/li><li class=\"\"><a href=\"#atracoes-exclusivas-de-pascoa\">Actividades exclusivas de Semana Santa:<\/a><\/li><li class=\"\"><a href=\"#combo-especial-de-pascoa-grupo-vip\">Oferta especial de Pascua (Grupo VIP)<\/a><\/li><li class=\"\"><a href=\"#faq-question-1774886212549\">\u00bfCu\u00e1l es el horario de apertura de Vila da M\u00f4nica en Gramado?<\/a><\/li><li class=\"\"><a href=\"#faq-question-1774886233726\">\u00bfC\u00f3mo se llega a Vila da M\u00f4nica, en Gramado, en transporte p\u00fablico?<\/a><\/li><li class=\"\"><a href=\"#faq-question-1774886248078\">\u00bfHay paquetes promocionales para visitar la Villa de M\u00f3nica?<\/a><\/li><li class=\"\"><a href=\"#faq-question-1774886262822\">\u00bfD\u00f3nde se pueden comprar entradas anticipadas para la Vila da M\u00f4nica en Gramado?<\/a><\/li><li class=\"\"><a href=\"#faq-question-1774886285453\">\u00bfHay alg\u00fan restaurante o cafeter\u00eda en el parque?<\/a><\/li><\/ul><\/nav><\/div>\n\n\n\n<p class=\"wp-block-paragraph\">Si est\u00e1s planeando un viaje en familia a la Serra Ga\u00facha, la <a href=\"https:\/\/viajepragramado.com.br\/es\/entradas\/vila-da-monica\/\" target=\"_blank\" rel=\"noreferrer noopener\"><strong>Aldea de M\u00f3nica en Gramado<\/strong><\/a> Es una opci\u00f3n estupenda. Este parque cubierto es un para\u00edso para los ni\u00f1os y aporta un toque de nostalgia inolvidable a los adultos que crecieron con el <a href=\"https:\/\/turmadamonica.fandom.com\/pt-br\/wiki\/Bairro_do_Limoeiro\" target=\"_blank\" rel=\"noreferrer noopener nofollow\">Barrio de Limoeiro<\/a>.<\/p>\n\n\n\n<p class=\"wp-block-paragraph\">En esta gu\u00eda descubrir\u00e1s todas las atracciones, c\u00f3mo llegar y el secreto para ahorrar: el enlace exclusivo con el cup\u00f3n <strong>OVIAJANTE<\/strong> ya aplicado.<\/p>\n\n\n\n<h3 class=\"wp-block-heading\" id=\"resumo-do-passeio\"><strong>Resumen de la excursi\u00f3n:<\/strong><\/h3>\n\n\n\n<ul class=\"wp-block-list\">\n<li><strong>Lo que es:<\/strong> Parque tem\u00e1tico cubierto 100% inspirado en el universo de Mauricio de Sousa.<\/li>\n\n\n\n<li><strong>Destacado:<\/strong> Encuentro con personajes, accesibilidad y ambiente climatizado.<\/li>\n\n\n\n<li><strong>Econom\u00eda:<\/strong><a href=\"https:\/\/ingressos.viladamonica.com.br\/carrinho\/ativarCupom?nrCupom=OVIAJANTE&amp;byUrl=true\" target=\"_blank\" rel=\"noreferrer noopener nofollow\"> Haz clic aqu\u00ed para activar el cup\u00f3n OVIAJANTE<\/a> y obtener un descuento directo en el carrito.<\/li>\n\n\n\n<li><strong>Ideal para:<\/strong> Familias con ni\u00f1os de 0 a 14 a\u00f1os.<\/li>\n<\/ul>\n\n\n\n<h2 class=\"wp-block-heading\" id=\"por-que-visitar-a-vila-da-monica-em-gramado\"><strong>\u00bfPor qu\u00e9 visitar la Vila da M\u00f4nica en Gramado?<\/strong><\/h2>\n\n\n\n<p class=\"wp-block-paragraph\">Gramado es famosa por su clima cambiante. Al tratarse de un parque totalmente cubierto, el <strong>Vila Turma da M\u00f4nica, Gramado<\/strong> Es la \u201csalvaci\u00f3n\u201d para los d\u00edas de lluvia o de fr\u00edo intenso.<\/p>\n\n\n\n<p class=\"wp-block-paragraph\">All\u00ed, la inmersi\u00f3n es total. M\u00e1s que juguetes, el parque ofrece una experiencia educativa y l\u00fadica, en la que la seguridad y la comodidad de la familia son lo primero.<\/p>\n\n\n\n<h2 class=\"wp-block-heading\" id=\"quais-atracoes-tem-na-vila-da-monica-em-gramado\"><strong>\u00bfQu\u00e9 atracciones hay en la Vila da M\u00f3nica, en Gramado?<\/strong><\/h2>\n\n\n\n<figure class=\"wp-block-image size-full is-resized\"><img fetchpriority=\"high\" decoding=\"async\" width=\"1280\" height=\"750\" src=\"http:\/\/viajepragramado.com.br\/wp-content\/uploads\/2026\/03\/Porque-Visitar-a-Vila-da-monica-em-Gramado.jpg\" alt=\"Por qu\u00e9 visitar la Vila da M\u00f3nica en Gramado\" class=\"wp-image-29842\" style=\"aspect-ratio:1.7066891012413092;width:613px;height:auto\" title=\"\" srcset=\"https:\/\/viajepragramado.com.br\/wp-content\/uploads\/2026\/03\/Porque-Visitar-a-Vila-da-monica-em-Gramado.jpg 1280w, https:\/\/viajepragramado.com.br\/wp-content\/uploads\/2026\/03\/Porque-Visitar-a-Vila-da-monica-em-Gramado-768x449.jpg 768w, https:\/\/viajepragramado.com.br\/wp-content\/uploads\/2026\/03\/Porque-Visitar-a-Vila-da-monica-em-Gramado-18x12.jpg 18w, https:\/\/viajepragramado.com.br\/wp-content\/uploads\/2026\/03\/Porque-Visitar-a-Vila-da-monica-em-Gramado-600x351.jpg 600w\" sizes=\"(max-width: 1280px) 100vw, 1280px\" \/><figcaption class=\"wp-element-caption\">Los ni\u00f1os se lo pasan muy bien en el parque de M\u00f3nica. <\/figcaption><\/figure>\n\n\n\n<p class=\"wp-block-paragraph\">El parque cuenta con m\u00e1s de 20 atracciones interactivas. Algunas de las favoritas de los m\u00e1s peque\u00f1os (y de los mayores) son:<\/p>\n\n\n\n<ul class=\"wp-block-list\">\n<li><strong>La casa de M\u00f3nica y Cebolinha:<\/strong> Escenarios llenos de detalles para unas fotos perfectas.<\/li>\n\n\n\n<li><strong>Taller de Marina:<\/strong> Un espacio dedicado a la creatividad con talleres de dibujo.<\/li>\n\n\n\n<li><strong>Laboratorio de Franjinha:<\/strong> Experimentos cient\u00edficos que fascinan a los ni\u00f1os.<\/li>\n\n\n\n<li><strong>Noria y coches de choque:<\/strong> Diversi\u00f3n cl\u00e1sica para toda la familia.<\/li>\n\n\n\n<li><strong>Concierto en el escenario principal:<\/strong> Donde los personajes cobran vida en actuaciones musicales.<\/li>\n<\/ul>\n\n\n\n<h2 class=\"wp-block-heading\" id=\"vila-da-monica-gramado-valor-tabela-de-precos-2026\"><strong>Vila da M\u00f4nica Gramado Precio: Lista de precios 2026<\/strong><\/h2>\n\n\n\n<p class=\"wp-block-paragraph\">Consulta las tarifas oficiales para planificar tu presupuesto (ten en cuenta que los menores de 1 a\u00f1o est\u00e1n exentos):<\/p>\n\n\n\n<figure class=\"wp-block-table\"><table class=\"has-fixed-layout\"><tbody><tr><td><strong>Categor\u00eda<\/strong><\/td><td><strong>Valor de tabla<\/strong><\/td><\/tr><tr><td><strong>Entrada para beb\u00e9s (de 1 a 2 a\u00f1os)<\/strong><\/td><td>R$ 29,00<\/td><\/tr><tr><td><strong>Promoci\u00f3n infantil (de 3 a 14 a\u00f1os)<\/strong><\/td><td>R$ 159,00<\/td><\/tr><tr><td><strong>Adulto con tarifa promocional (de 15 a 59 a\u00f1os)<\/strong><\/td><td>R$ 179,00<\/td><\/tr><tr><td><strong>Tercera edad (mayores de 60 a\u00f1os)<\/strong><\/td><td>R$ 129,00<\/td><\/tr><\/tbody><\/table><\/figure>\n\n\n\n<p class=\"wp-block-paragraph\"><strong>Consejo de oro:<\/strong> Al comprar a trav\u00e9s de <a href=\"https:\/\/ingressos.viladamonica.com.br\/carrinho\/ativarCupom?nrCupom=OVIAJANTE&amp;byUrl=true\" target=\"_blank\" rel=\"noreferrer noopener nofollow\">enlace de socio de Viaje pra Gramado<\/a>, te aseguras autom\u00e1ticamente el descuento de 5% sobre esos importes.<\/p>\n\n\n\n<p class=\"wp-block-paragraph\"><strong>Nota<\/strong>: Los precios pueden variar seg\u00fan la temporada.<\/p>\n\n\n\n<h2 class=\"wp-block-heading\" id=\"cupom-de-desconto-vila-da-monica-como-pagar-menos\"><strong>Cup\u00f3n de descuento de Vila da M\u00f4nica: c\u00f3mo pagar menos<\/strong><\/h2>\n\n\n\n<figure class=\"wp-block-image size-full is-resized\"><img decoding=\"async\" width=\"558\" height=\"1003\" src=\"http:\/\/viajepragramado.com.br\/wp-content\/uploads\/2026\/03\/Cupom-Vila-da-Monica-Gramado.jpg\" alt=\"Cup\u00f3n de Vila da Monica, Gramado\" class=\"wp-image-29843\" style=\"aspect-ratio:0.5563240952781543;width:304px;height:auto\" title=\"\" srcset=\"https:\/\/viajepragramado.com.br\/wp-content\/uploads\/2026\/03\/Cupom-Vila-da-Monica-Gramado.jpg 558w, https:\/\/viajepragramado.com.br\/wp-content\/uploads\/2026\/03\/Cupom-Vila-da-Monica-Gramado-768x1380.jpg 768w, https:\/\/viajepragramado.com.br\/wp-content\/uploads\/2026\/03\/Cupom-Vila-da-Monica-Gramado-600x1078.jpg 600w\" sizes=\"(max-width: 558px) 100vw, 558px\" \/><figcaption class=\"wp-element-caption\">Cup\u00f3n de Vila da Monica Gramado: OVIAJANTE<\/figcaption><\/figure>\n\n\n\n<p class=\"wp-block-paragraph\">Ya no hace falta buscar c\u00f3digos que no funcionan. El cup\u00f3n <strong>OVIAJANTE<\/strong> Es tu pasaporte para la econom\u00eda de la Serra Ga\u00facha.<\/p>\n\n\n\n<p class=\"wp-block-paragraph\">En Vila da M\u00f4nica, asegura <strong>descuentos por comprar por adelantado con el cup\u00f3n OVIAJANTE<\/strong>. Pero atenci\u00f3n: ese mismo cup\u00f3n puede llegar a <strong>Descuento 40%<\/strong> \u00a1en otras atracciones asociadas de Gramado! Echa un vistazo a la lista completa de <a href=\"https:\/\/viajepragramado.com.br\/es\/cupones-de-descuento\/\" target=\"_blank\" rel=\"noreferrer noopener\">\u00a1Cupones de descuento oficiales aqu\u00ed!<\/a><\/p>\n\n\n\n<h3 class=\"wp-block-heading\" id=\"passo-a-passo-para-comprar-com-o-desconto-aplicado\"><strong>Pasos a seguir para comprar con el descuento aplicado:<\/strong><\/h3>\n\n\n\n<ol class=\"wp-block-list\">\n<li><strong>Visite el enlace oficial:<\/strong><a href=\"https:\/\/ingressos.viladamonica.com.br\/carrinho\/ativarCupom?nrCupom=OVIAJANTE&amp;byUrl=true\" target=\"_blank\" rel=\"noreferrer noopener nofollow\"> Haz clic aqu\u00ed para activar el cup\u00f3n OVIAJANTE<\/a>.<\/li>\n\n\n\n<li><strong>Elija la fecha:<\/strong> El cup\u00f3n 5% ya estar\u00e1 activo en tu sesi\u00f3n.<\/li>\n\n\n\n<li><strong>A\u00f1ade las entradas:<\/strong> Selecciona las categor\u00edas que desees.<\/li>\n\n\n\n<li><strong>Finalizar:<\/strong> Comprueba el descuento aplicado en el resumen del pedido y \u00a1que te diviertas!<\/li>\n<\/ol>\n\n\n\n<h2 class=\"wp-block-heading\" id=\"endereco-da-vila-da-monica-em-gramado-e-como-chegar\"><strong>Direcci\u00f3n de la Villa de M\u00f3nica en Gramado y c\u00f3mo llegar<\/strong><\/h2>\n\n\n\n<p class=\"wp-block-paragraph\">El parque est\u00e1 situado en un lugar estrat\u00e9gico, un poco alejado del intenso tr\u00e1fico del centro.<\/p>\n\n\n\n<ul class=\"wp-block-list\">\n<li><strong>Direcci\u00f3n:<\/strong> Calle Germano Boff, 611 \u2013 Barrio Carazal, Gramado \u2013 RS.<\/li>\n\n\n\n<li><strong>C\u00f3mo llegar<\/strong> La forma m\u00e1s pr\u00e1ctica es a trav\u00e9s de <strong>Uber o una aplicaci\u00f3n de transporte<\/strong>. Es r\u00e1pido, seguro y te deja justo en la puerta principal, lo que facilita mucho las cosas a quienes van con cochecitos de beb\u00e9 o ni\u00f1os peque\u00f1os.<\/li>\n\n\n\n<li><strong>Aparcamiento: <\/strong>\u00a0El aparcamiento se paga aparte y no est\u00e1 incluido en el precio de la entrada, con tarifas de unos R$30,00.<\/li>\n<\/ul>\n\n\n\n<h2 class=\"wp-block-heading\" id=\"avaliacoes-sobre-vila-da-monica-gramado-vale-a-pena\"><strong>Opiniones sobre Vila da M\u00f4nica Gramado: \u00bfmerece la pena?<\/strong><\/h2>\n\n\n\n<figure class=\"wp-block-image size-full is-resized\"><img decoding=\"async\" width=\"1280\" height=\"750\" src=\"http:\/\/viajepragramado.com.br\/wp-content\/uploads\/2026\/03\/Avaliacao-Vila-da-Monica-Gramado.jpg\" alt=\"Opini\u00f3n sobre Vila da Monica, Gramado\" class=\"wp-image-29844\" style=\"width:613px\" title=\"\" srcset=\"https:\/\/viajepragramado.com.br\/wp-content\/uploads\/2026\/03\/Avaliacao-Vila-da-Monica-Gramado.jpg 1280w, https:\/\/viajepragramado.com.br\/wp-content\/uploads\/2026\/03\/Avaliacao-Vila-da-Monica-Gramado-768x449.jpg 768w, https:\/\/viajepragramado.com.br\/wp-content\/uploads\/2026\/03\/Avaliacao-Vila-da-Monica-Gramado-18x12.jpg 18w, https:\/\/viajepragramado.com.br\/wp-content\/uploads\/2026\/03\/Avaliacao-Vila-da-Monica-Gramado-600x351.jpg 600w\" sizes=\"(max-width: 1280px) 100vw, 1280px\" \/><figcaption class=\"wp-element-caption\">Toda la familia se lo pasa en grande en la Villa de M\u00f3nica<\/figcaption><\/figure>\n\n\n\n<p class=\"wp-block-paragraph\">Las valoraciones en Google y TripAdvisor son excelentes. Lo que m\u00e1s elogian los turistas es la <strong>limpieza impecable<\/strong> y el hecho de que sea un parque en el que los ni\u00f1os realmente \u201cjuegan\u201d, en lugar de limitarse a hacer colas.<\/p>\n\n\n\n<p class=\"wp-block-paragraph\">Es un recorrido que dura, de media, entre 3 y 4 horas. Es decir, puedes disfrutarlo a fondo y a\u00fan as\u00ed compaginarlo con una cena tem\u00e1tica por la noche.<\/p>\n\n\n\n<h2 class=\"wp-block-heading\" id=\"estrutura-e-comodidades-muito-alem-da-diversao\"><strong>Instalaciones y servicios: Mucho m\u00e1s que diversi\u00f3n<\/strong><\/h2>\n\n\n\n<p class=\"wp-block-paragraph\">A <strong>Aldea de M\u00f3nica en Gramado<\/strong> Se ha dise\u00f1ado para ofrecer una comodidad total. La estructura destaca por el cuidado puesto en los detalles, lo que garantiza la tranquilidad de los padres mientras sus hijos se divierten.<\/p>\n\n\n\n<h3 class=\"wp-block-heading\" id=\"gastronomia-e-sabores-locais\"><strong>Gastronom\u00eda y sabores locales<\/strong><\/h3>\n\n\n\n<p class=\"wp-block-paragraph\">Si te entra hambre, no hace falta que salgas del parque. La Villa ofrece opciones que van desde un tentempi\u00e9 r\u00e1pido hasta los sabores artesanales de la Serra Ga\u00facha:<\/p>\n\n\n\n<ul class=\"wp-block-list\">\n<li><strong>Emp\u00f3rio do Nh\u00f4 Lau:<\/strong> \u00a1Un rinconcito que rinde homenaje a los sabores de la regi\u00f3n! Aqu\u00ed encontrar\u00e1s panes, cucas, galletas y productos artesanales reci\u00e9n hechos, perfectos para tomar algo ahora mismo o para llevarte un \u201cpicoteo\u201d al hotel.<\/li>\n\n\n\n<li><strong>Pasteler\u00eda de la Villa:<\/strong> El lugar ideal para endulzar la visita. Desde brownies y algod\u00f3n de az\u00facar hasta tartas y polos, hay opciones para todos los gustos en el coraz\u00f3n del barrio de Limoeiro.<\/li>\n<\/ul>\n\n\n\n<h3 class=\"wp-block-heading\" id=\"compras-e-recordacoes\"><strong>Compras y recuerdos<\/strong><\/h3>\n\n\n\n<ul class=\"wp-block-list\">\n<li><strong>Tiendecita del pueblo:<\/strong> Nada m\u00e1s entrar, te encontrar\u00e1s con el para\u00edso de los coleccionistas. Hay peluches de las mascotas de \u00abLa Pandilla\u00bb, pijamas, juegos, art\u00edculos de papeler\u00eda y accesorios exclusivos que solo encontrar\u00e1s aqu\u00ed.<\/li>\n<\/ul>\n\n\n\n<h3 class=\"wp-block-heading\" id=\"apoio-a-familia-e-inclusao\"><strong>Apoyo a la familia e inclusi\u00f3n<\/strong><\/h3>\n\n\n\n<p class=\"wp-block-paragraph\">El parque destaca por su ambiente acogedor y respetuoso, y ofrece espacios imprescindibles en la segunda planta (entresuelo):<\/p>\n\n\n\n<ul class=\"wp-block-list\">\n<li><strong>Espacio familiar:<\/strong> Un espacio completo con una sala para cambiar pa\u00f1ales (que incluye art\u00edculos de higiene), una cocina equipada con microondas y nevera, adem\u00e1s de una zona de lactancia reservada y c\u00f3moda.<\/li>\n\n\n\n<li><strong>Sala de silencio:<\/strong> Un espacio incre\u00edblemente inclusivo. Este espacio cuenta con aislamiento ac\u00fastico, pufs y juguetes para montar, y est\u00e1 destinado a personas neurodiversas que necesiten un momento de descanso del exceso de est\u00edmulos sensoriales.<\/li>\n<\/ul>\n\n\n\n<h2 class=\"wp-block-heading\" id=\"pascoa-na-vila-da-monica-gramado-programacao-especial-2026\">Semana Santa en la Villa de M\u00f3nica, Gramado: Programa especial 2026<\/h2>\n\n\n\n<figure class=\"wp-block-image size-full is-resized\"><img loading=\"lazy\" decoding=\"async\" width=\"1280\" height=\"750\" src=\"http:\/\/viajepragramado.com.br\/wp-content\/uploads\/2026\/03\/Pascoa-na-Vila-da-Monica.jpg\" alt=\"Semana Santa en la Villa de M\u00f3nica\" class=\"wp-image-29845\" style=\"width:613px\" title=\"\" srcset=\"https:\/\/viajepragramado.com.br\/wp-content\/uploads\/2026\/03\/Pascoa-na-Vila-da-Monica.jpg 1280w, https:\/\/viajepragramado.com.br\/wp-content\/uploads\/2026\/03\/Pascoa-na-Vila-da-Monica-768x449.jpg 768w, https:\/\/viajepragramado.com.br\/wp-content\/uploads\/2026\/03\/Pascoa-na-Vila-da-Monica-18x12.jpg 18w, https:\/\/viajepragramado.com.br\/wp-content\/uploads\/2026\/03\/Pascoa-na-Vila-da-Monica-600x351.jpg 600w\" sizes=\"(max-width: 1280px) 100vw, 1280px\" \/><figcaption class=\"wp-element-caption\">Esta Semana Santa, la pandilla de M\u00f3nica est\u00e1 lista para recibirte<\/figcaption><\/figure>\n\n\n\n<p class=\"wp-block-paragraph\">Si vas a visitar Gramado entre <strong>12 de marzo y 12 de abril de 2026<\/strong>, prep\u00e1rate para una experiencia dulce y divertida. El parque ha convertido la Semana Santa en una experiencia emotiva que va mucho m\u00e1s all\u00e1 del chocolate, uniendo la magia de Mauricio de Sousa con las tradiciones de la Serra Ga\u00facha.<\/p>\n\n\n\n<h3 class=\"wp-block-heading\" id=\"atracoes-exclusivas-de-pascoa\">Actividades exclusivas de Semana Santa:<\/h3>\n\n\n\n<ul class=\"wp-block-list\">\n<li><strong>Presentaci\u00f3n \u201cB\u00fasqueda de huevos\u201d:<\/strong> En el escenario principal, los conejos <strong>Pascoali y Lilita<\/strong> (inspirados en Sans\u00f3n y Dalila) dirigen un espect\u00e1culo interactivo. Las familias ayudan a resolver acertijos en un recorrido que combina teatro y m\u00fasica.<\/li>\n\n\n\n<li><strong>Quedada en el Clubinho:<\/strong> Sesiones fotogr\u00e1ficas exclusivas con los personajes en un escenario tem\u00e1tico de Pascua, perfecto para inmortalizar recuerdos inolvidables.<\/li>\n\n\n\n<li><strong>Inmersi\u00f3n en las historias:<\/strong> Los ni\u00f1os se sumergen en una historia llena de vida, siguiendo pistas como si estuvieran dentro de un c\u00f3mic de \u00abLa pandilla de M\u00f3nica\u00bb.<\/li>\n<\/ul>\n\n\n\n<h3 class=\"wp-block-heading\" id=\"combo-especial-de-pascoa-grupo-vip\">Oferta especial de Pascua (Grupo VIP)<\/h3>\n\n\n\n<p class=\"wp-block-paragraph\">Para quienes viajan en grupo, entre <strong>16 de marzo y 5 de abril<\/strong>, el parque ha lanzado una campa\u00f1a que no te puedes perder:<\/p>\n\n\n\n<ul class=\"wp-block-list\">\n<li><strong>Esto incluye:<\/strong> Paquete con 3 entradas + 1 art\u00edculo de colecci\u00f3n de Sans\u00f3n.<\/li>\n\n\n\n<li><strong>Ventaja:<\/strong> Precio promocional exclusivo para las fiestas.<\/li>\n<\/ul>\n\n\n\n<blockquote class=\"wp-block-quote is-layout-flow wp-block-quote-is-layout-flow\">\n<p class=\"wp-block-paragraph\"><strong>Consejo extra:<\/strong> \u00a1Incluso durante la temporada de Semana Santa, puedes asegurarte de ahorrar! Utiliza el <strong><a href=\"https:\/\/ingressos.viladamonica.com.br\/carrinho\/ativarCupom?nrCupom=OVIAJANTE&amp;byUrl=true\" target=\"_blank\" rel=\"noreferrer noopener nofollow\">Enlace oficial con el c\u00f3digo de descuento OVIAJANTE ya aplicado<\/a><\/strong> para asegurarte tu descuento 5% y evitar las colas en las taquillas f\u00edsicas, que suelen ser largas en esta \u00e9poca.<\/p>\n<\/blockquote>\n\n\n\n<h2 class=\"wp-block-heading\" id=\"o\">Preguntas frecuentes sobre la Villa de M\u00f3nica<\/h2>\n\n\n<div id=\"rank-math-faq\" class=\"rank-math-block\">\n<div class=\"rank-math-list\">\n<div id=\"faq-question-1774886212549\" class=\"rank-math-list-item\">\n<h3 class=\"rank-math-question\"><strong>\u00bfCu\u00e1l es el horario de apertura de Vila da M\u00f4nica en Gramado?<\/strong><\/h3>\n<div class=\"rank-math-answer\">\n\n<p>El parque abre a partir de las <strong>De las 09:45 a las 17:00<\/strong>. Ten en cuenta que, en temporada baja, el parque suele cerrar los martes.<\/p>\n\n<\/div>\n<\/div>\n<div id=\"faq-question-1774886233726\" class=\"rank-math-list-item\">\n<h3 class=\"rank-math-question\"><strong>\u00bfC\u00f3mo se llega a Vila da M\u00f4nica, en Gramado, en transporte p\u00fablico?<\/strong><br><\/h3>\n<div class=\"rank-math-answer\">\n\n<p>El transporte p\u00fablico no es la mejor opci\u00f3n para este trayecto. Te recomendamos <strong>Uber<\/strong>, que tiene un precio asequible y ofrece mucha m\u00e1s comodidad a las familias.<\/p>\n\n<\/div>\n<\/div>\n<div id=\"faq-question-1774886248078\" class=\"rank-math-list-item\">\n<h3 class=\"rank-math-question\"><strong>\u00bfHay paquetes promocionales para visitar la Villa de M\u00f3nica?<\/strong><\/h3>\n<div class=\"rank-math-answer\">\n\n<p>La mejor forma de ahorrar es comprar con antelaci\u00f3n a trav\u00e9s de<a href=\"https:\/\/ingressos.viladamonica.com.br\/carrinho\/ativarCupom?nrCupom=OVIAJANTE&amp;byUrl=true\" rel=\"nofollow noopener\" target=\"_blank\"> enlace al cup\u00f3n OVIAJANTE<\/a>. De esta forma, te ahorras las colas y te aseguras el precio m\u00e1s bajo garantizado.<\/p>\n\n<\/div>\n<\/div>\n<div id=\"faq-question-1774886262822\" class=\"rank-math-list-item\">\n<h3 class=\"rank-math-question\"><strong>\u00bfD\u00f3nde se pueden comprar entradas anticipadas para la Vila da M\u00f4nica en Gramado?<\/strong><\/h3>\n<div class=\"rank-math-answer\">\n\n<p>Compra siempre en la p\u00e1gina web oficial. Utiliza el enlace de la p\u00e1gina web <strong>Viajes a Gramado<\/strong> para asegurarte de que el cup\u00f3n de descuento se aplique correctamente a tu compra.<\/p>\n\n<\/div>\n<\/div>\n<div id=\"faq-question-1774886285453\" class=\"rank-math-list-item\">\n<h3 class=\"rank-math-question\"><strong>\u00bfHay alg\u00fan restaurante o cafeter\u00eda en el parque?<\/strong><\/h3>\n<div class=\"rank-math-answer\">\n\n<p>\u00a1S\u00ed! La Vila da M\u00f4nica, en Gramado, cuenta con una zona de restauraci\u00f3n muy completa. Encontrar\u00e1s el <strong>Restaurante de la Casa do Limoeiro<\/strong>, que ofrece una variada selecci\u00f3n de comidas, adem\u00e1s de puestos repartidos por todo el parque donde se pueden comprar aperitivos r\u00e1pidos, palomitas y dulces tem\u00e1ticos. \u00a1Es el lugar perfecto para hacer una pausa entre una atracci\u00f3n y otra!<\/p>\n\n<\/div>\n<\/div>\n<\/div>\n<\/div>\n\n<div class=\"kk-star-ratings kksr-auto kksr-align-left kksr-valign-bottom\"\n    data-payload='{&quot;align&quot;:&quot;left&quot;,&quot;id&quot;:&quot;29840&quot;,&quot;slug&quot;:&quot;default&quot;,&quot;valign&quot;:&quot;bottom&quot;,&quot;ignore&quot;:&quot;&quot;,&quot;reference&quot;:&quot;auto&quot;,&quot;class&quot;:&quot;&quot;,&quot;count&quot;:&quot;1&quot;,&quot;legendonly&quot;:&quot;&quot;,&quot;readonly&quot;:&quot;&quot;,&quot;score&quot;:&quot;5&quot;,&quot;starsonly&quot;:&quot;&quot;,&quot;best&quot;:&quot;5&quot;,&quot;gap&quot;:&quot;5&quot;,&quot;greet&quot;:&quot;Vote Aqui&quot;,&quot;legend&quot;:&quot;5\\\/5 - (1 vote)&quot;,&quot;size&quot;:&quot;24&quot;,&quot;title&quot;:&quot;Vila da M\u00f4nica em Gramado: Cupom OVIAJANTE com at\u00e9 40% de desconto.&quot;,&quot;width&quot;:&quot;142.5&quot;,&quot;_legend&quot;:&quot;{score}\\\/{best} - ({count} {votes})&quot;,&quot;font_factor&quot;:&quot;1.25&quot;}'>\n            \n<div class=\"kksr-stars\">\n    \n<div class=\"kksr-stars-inactive\">\n            <div class=\"kksr-star\" data-star=\"1\" style=\"padding-right: 5px\">\n            \n\n<div class=\"kksr-icon\" style=\"width: 24px; height: 24px;\"><\/div>\n        <\/div>\n            <div class=\"kksr-star\" data-star=\"2\" style=\"padding-right: 5px\">\n            \n\n<div class=\"kksr-icon\" style=\"width: 24px; height: 24px;\"><\/div>\n        <\/div>\n            <div class=\"kksr-star\" data-star=\"3\" style=\"padding-right: 5px\">\n            \n\n<div class=\"kksr-icon\" style=\"width: 24px; height: 24px;\"><\/div>\n        <\/div>\n            <div class=\"kksr-star\" data-star=\"4\" style=\"padding-right: 5px\">\n            \n\n<div class=\"kksr-icon\" style=\"width: 24px; height: 24px;\"><\/div>\n        <\/div>\n            <div class=\"kksr-star\" data-star=\"5\" style=\"padding-right: 5px\">\n            \n\n<div class=\"kksr-icon\" style=\"width: 24px; height: 24px;\"><\/div>\n        <\/div>\n    <\/div>\n    \n<div class=\"kksr-stars-active\" style=\"width: 142.5px;\">\n            <div class=\"kksr-star\" style=\"padding-right: 5px\">\n            \n\n<div class=\"kksr-icon\" style=\"width: 24px; height: 24px;\"><\/div>\n        <\/div>\n            <div class=\"kksr-star\" style=\"padding-right: 5px\">\n            \n\n<div class=\"kksr-icon\" style=\"width: 24px; height: 24px;\"><\/div>\n        <\/div>\n            <div class=\"kksr-star\" style=\"padding-right: 5px\">\n            \n\n<div class=\"kksr-icon\" style=\"width: 24px; height: 24px;\"><\/div>\n        <\/div>\n            <div class=\"kksr-star\" style=\"padding-right: 5px\">\n            \n\n<div class=\"kksr-icon\" style=\"width: 24px; height: 24px;\"><\/div>\n        <\/div>\n            <div class=\"kksr-star\" style=\"padding-right: 5px\">\n            \n\n<div class=\"kksr-icon\" style=\"width: 24px; height: 24px;\"><\/div>\n        <\/div>\n    <\/div>\n<\/div>\n                \n\n<div class=\"kksr-legend\" style=\"font-size: 19.2px;\">\n            5\/5 - (1 voto)    <\/div>\n    <\/div>","protected":false},"excerpt":{"rendered":"<p><strong>Lo que es:<\/strong> Parque tem\u00e1tico cubierto 100% inspirado en el universo de Mauricio de Sousa.<br \/><strong>Destacado:<\/strong> Encuentro con personajes, accesibilidad y ambiente climatizado.<br \/><strong>Econom\u00eda:<\/strong><a href=\"https:\/\/ingressos.viladamonica.com.br\/carrinho\/ativarCupom?nrCupom=OVIAJANTE&amp;byUrl=true\"> Haz clic aqu\u00ed para activar el cup\u00f3n OVIAJANTE<\/a> y obtener un descuento directo en el carrito.<br \/><strong>Ideal para:<\/strong> Familias con ni\u00f1os de 0 a 14 a\u00f1os.<\/p>","protected":false},"author":1,"featured_media":29841,"comment_status":"open","ping_status":"open","sticky":false,"template":"","format":"standard","meta":{"footnotes":""},"categories":[153],"tags":[],"class_list":["post-29840","post","type-post","status-publish","format-standard","has-post-thumbnail","hentry","category-dicas"],"featured_image_src":"https:\/\/viajepragramado.com.br\/wp-content\/uploads\/2026\/03\/Vila-da-Monica-em-Gramado.jpg","author_info":{"display_name":"Jonatas Kapczynski","author_link":"https:\/\/viajepragramado.com.br\/es\/author\/jonatas\/"},"_links":{"self":[{"href":"https:\/\/viajepragramado.com.br\/es\/wp-json\/wp\/v2\/posts\/29840","targetHints":{"allow":["GET"]}}],"collection":[{"href":"https:\/\/viajepragramado.com.br\/es\/wp-json\/wp\/v2\/posts"}],"about":[{"href":"https:\/\/viajepragramado.com.br\/es\/wp-json\/wp\/v2\/types\/post"}],"author":[{"embeddable":true,"href":"https:\/\/viajepragramado.com.br\/es\/wp-json\/wp\/v2\/users\/1"}],"replies":[{"embeddable":true,"href":"https:\/\/viajepragramado.com.br\/es\/wp-json\/wp\/v2\/comments?post=29840"}],"version-history":[{"count":0,"href":"https:\/\/viajepragramado.com.br\/es\/wp-json\/wp\/v2\/posts\/29840\/revisions"}],"wp:featuredmedia":[{"embeddable":true,"href":"https:\/\/viajepragramado.com.br\/es\/wp-json\/wp\/v2\/media\/29841"}],"wp:attachment":[{"href":"https:\/\/viajepragramado.com.br\/es\/wp-json\/wp\/v2\/media?parent=29840"}],"wp:term":[{"taxonomy":"category","embeddable":true,"href":"https:\/\/viajepragramado.com.br\/es\/wp-json\/wp\/v2\/categories?post=29840"},{"taxonomy":"post_tag","embeddable":true,"href":"https:\/\/viajepragramado.com.br\/es\/wp-json\/wp\/v2\/tags?post=29840"}],"curies":[{"name":"wp","href":"https:\/\/api.w.org\/{rel}","templated":true}]}}