{"id":31454,"date":"2026-08-31T09:49:04","date_gmt":"2026-08-31T12:49:04","guid":{"rendered":"https:\/\/viajepragramado.com.br\/"},"modified":"2026-08-31T09:49:11","modified_gmt":"2026-08-31T12:49:11","slug":"natal-luz-gramado-2026-de-graca","status":"publish","type":"post","link":"https:\/\/viajepragramado.com.br\/es\/natal-luz-gramado-2026-de-graca\/","title":{"rendered":"Natal Luz Gramado 2026 de Gra\u00e7a: 12 Atra\u00e7\u00f5es Gratuitas que S\u00f3 Morador Conhece"},"content":{"rendered":"<p class=\"wp-block-paragraph\">D\u00e1 para curtir o Natal Luz Gramado 2026 de gra\u00e7a? D\u00e1 \u2014 e muito mais do que voc\u00ea imagina.<\/p>\n\n\n\n<p class=\"wp-block-paragraph\">A 41\u00aa edi\u00e7\u00e3o acontece de 22 de outubro de 2026 a 17 de janeiro de 2027, e boa parte da magia n\u00e3o custa um real: s\u00e3o mais de 400 atividades gratuitas espalhadas por Gramado durante os 88 dias de festa.<\/p>\n\n\n\n<p class=\"wp-block-paragraph\">Eu moro em Gramado e vivo o Natal Luz todos os anos \u2014 sei exatamente onde est\u00e3o os shows gratuitos que a maioria dos turistas descobre tarde demais. Neste guia voc\u00ea encontra as 12 melhores atra\u00e7\u00f5es do Natal Luz de gra\u00e7a, com locais, dias e hor\u00e1rios, al\u00e9m de um roteiro pronto para uma noite inteira sem gastar com ingresso.<\/p>\n\n\n\n<p class=\"wp-block-paragraph\">Olha s\u00f3 o que vem pela frente:<\/p>\n\n\n\n<h2 class=\"wp-block-heading\">Lo esencial en 30 segundos<\/h2>\n\n\n\n<ul class=\"wp-block-list\">\n<li><strong>Sim, d\u00e1 para viver o Natal Luz de gra\u00e7a:<\/strong> s\u00e3o mais de 400 apresenta\u00e7\u00f5es abertas ao p\u00fablico na temporada 2026\/2027.<\/li>\n\n\n\n<li><strong>A imperd\u00edvel:<\/strong> o Show de Acendimento das Luzes, todos os dias \u00e0s 20h, em frente ao Pal\u00e1cio dos Festivais.<\/li>\n\n\n\n<li><strong>Para fam\u00edlias:<\/strong> Vila de Natal na Pra\u00e7a das Etnias, aberta diariamente das 9h \u00e0s 21h, com a Casa do Papai Noel.<\/li>\n\n\n\n<li><strong>Segredos de morador:<\/strong> show noturno na Loja Florybal, espet\u00e1culo do Hotel Casa da Montanha e os shows de s\u00e1bado \u00e0 tarde no lago da Borges.<\/li>\n\n\n\n<li><strong>Quer os grandes espet\u00e1culos?<\/strong> El cup\u00f3n <strong>OVIAJANTE<\/strong> d\u00e1 15% de desconto no 1\u00ba lote do Grande Desfile e do Nativitaten.<\/li>\n<\/ul>\n\n\n\n<h2 class=\"wp-block-heading\">As 12 melhores atra\u00e7\u00f5es gratuitas do Natal Luz 2026<\/h2>\n\n\n\n<h3 class=\"wp-block-heading\">1. Show de Acendimento das Luzes<\/h3>\n\n\n\n<figure class=\"wp-block-image size-full is-resized\"><img fetchpriority=\"high\" decoding=\"async\" width=\"1250\" height=\"750\" src=\"https:\/\/viajepragramado.com.br\/wp-content\/uploads\/2026\/08\/Acendimento-das-Luzes.png\" alt=\"Encender las luces\" class=\"wp-image-31457\" style=\"aspect-ratio:1.6666873352968532;width:439px;height:auto\" title=\"\" srcset=\"https:\/\/viajepragramado.com.br\/wp-content\/uploads\/2026\/08\/Acendimento-das-Luzes.png 1250w, https:\/\/viajepragramado.com.br\/wp-content\/uploads\/2026\/08\/Acendimento-das-Luzes-768x460.png 768w, https:\/\/viajepragramado.com.br\/wp-content\/uploads\/2026\/08\/Acendimento-das-Luzes-18x12.png 18w, https:\/\/viajepragramado.com.br\/wp-content\/uploads\/2026\/08\/Acendimento-das-Luzes-600x360.png 600w\" sizes=\"(max-width: 1250px) 100vw, 1250px\" \/><\/figure>\n\n\n\n<p class=\"wp-block-paragraph\">\u00c9 o cora\u00e7\u00e3o gratuito do Natal Luz. Todos os dias, \u00e0s 20h, uma encena\u00e7\u00e3o com m\u00fasica e fantasia &#8220;liga&#8221; a ilumina\u00e7\u00e3o natalina de Gramado, em frente ao Pal\u00e1cio dos Festivais.<\/p>\n\n\n\n<p class=\"wp-block-paragraph\">Anota essa dica: nos fins de semana de dezembro, chegue pelo menos 40 minutos antes. O espa\u00e7o lota, e as primeiras posi\u00e7\u00f5es t\u00eam a melhor vista do show.<\/p>\n\n\n\n<h3 class=\"wp-block-heading\">2. Paradinha de Natal na Borges de Medeiros<\/h3>\n\n\n\n<figure class=\"wp-block-image size-full is-resized\"><img decoding=\"async\" width=\"1250\" height=\"750\" src=\"https:\/\/viajepragramado.com.br\/wp-content\/uploads\/2026\/08\/paradinha-de-natal.png\" alt=\"paradinha de natal\" class=\"wp-image-31458\" style=\"width:439px;height:auto\" title=\"\" srcset=\"https:\/\/viajepragramado.com.br\/wp-content\/uploads\/2026\/08\/paradinha-de-natal.png 1250w, https:\/\/viajepragramado.com.br\/wp-content\/uploads\/2026\/08\/paradinha-de-natal-768x460.png 768w, https:\/\/viajepragramado.com.br\/wp-content\/uploads\/2026\/08\/paradinha-de-natal-18x12.png 18w, https:\/\/viajepragramado.com.br\/wp-content\/uploads\/2026\/08\/paradinha-de-natal-600x360.png 600w\" sizes=\"(max-width: 1250px) 100vw, 1250px\" \/><\/figure>\n\n\n\n<p class=\"wp-block-paragraph\">Um desfile gratuito que desce a Avenida Borges de Medeiros com personagens natalinos, m\u00fasica e muita intera\u00e7\u00e3o com o p\u00fablico. \u00c9 a chance de ver de perto o clima do Grande Desfile sem pagar ingresso \u2014 e as crian\u00e7as amam.<\/p>\n\n\n\n<h3 class=\"wp-block-heading\">3. Vila de Natal na Pra\u00e7a das Etnias<\/h3>\n\n\n\n<figure class=\"wp-block-image size-full is-resized\"><img decoding=\"async\" width=\"1250\" height=\"750\" src=\"https:\/\/viajepragramado.com.br\/wp-content\/uploads\/2026\/08\/vila-de-natal.png\" alt=\"vila de natal\" class=\"wp-image-31459\" style=\"width:439px;height:auto\" title=\"\" srcset=\"https:\/\/viajepragramado.com.br\/wp-content\/uploads\/2026\/08\/vila-de-natal.png 1250w, https:\/\/viajepragramado.com.br\/wp-content\/uploads\/2026\/08\/vila-de-natal-768x460.png 768w, https:\/\/viajepragramado.com.br\/wp-content\/uploads\/2026\/08\/vila-de-natal-18x12.png 18w, https:\/\/viajepragramado.com.br\/wp-content\/uploads\/2026\/08\/vila-de-natal-600x360.png 600w\" sizes=\"(max-width: 1250px) 100vw, 1250px\" \/><\/figure>\n\n\n\n<p class=\"wp-block-paragraph\">Aberta todos os dias, das 9h \u00e0s 21h, a Vila de Natal re\u00fane mercado natalino, artesanato, gastronomia e apresenta\u00e7\u00f5es art\u00edsticas dentro do projeto Natal Luz Para Todos. \u00c9 o melhor programa gratuito para tardes em fam\u00edlia.<\/p>\n\n\n\n<h3 class=\"wp-block-heading\">4. Casa do Papai Noel na Vila de Natal<\/h3>\n\n\n\n<figure class=\"wp-block-image size-full is-resized\"><img loading=\"lazy\" decoding=\"async\" width=\"1250\" height=\"750\" src=\"https:\/\/viajepragramado.com.br\/wp-content\/uploads\/2026\/08\/vila-de-natal-casa-do-papai-noel.png\" alt=\"vila de natal casa do papai noel\" class=\"wp-image-31460\" style=\"width:439px;height:auto\" title=\"\" srcset=\"https:\/\/viajepragramado.com.br\/wp-content\/uploads\/2026\/08\/vila-de-natal-casa-do-papai-noel.png 1250w, https:\/\/viajepragramado.com.br\/wp-content\/uploads\/2026\/08\/vila-de-natal-casa-do-papai-noel-768x460.png 768w, https:\/\/viajepragramado.com.br\/wp-content\/uploads\/2026\/08\/vila-de-natal-casa-do-papai-noel-18x12.png 18w, https:\/\/viajepragramado.com.br\/wp-content\/uploads\/2026\/08\/vila-de-natal-casa-do-papai-noel-600x360.png 600w\" sizes=\"(max-width: 1250px) 100vw, 1250px\" \/><\/figure>\n\n\n\n<p class=\"wp-block-paragraph\">Dentro da Vila de Natal fica a casa onde o Papai Noel recebe as crian\u00e7as. A visita \u00e9 gratuita \u2014 e rende as fotos mais bonitas da viagem. Nos dias de maior movimento, a fila anda mais r\u00e1pido no in\u00edcio da tarde.<\/p>\n\n\n\n<h3 class=\"wp-block-heading\">5. Palco da Rua Coberta<\/h3>\n\n\n\n<figure class=\"wp-block-image size-full is-resized\"><img loading=\"lazy\" decoding=\"async\" width=\"1250\" height=\"750\" src=\"https:\/\/viajepragramado.com.br\/wp-content\/uploads\/2026\/08\/rua-coberta.png\" alt=\"calle cubierta\" class=\"wp-image-31461\" style=\"width:439px;height:auto\" title=\"\" srcset=\"https:\/\/viajepragramado.com.br\/wp-content\/uploads\/2026\/08\/rua-coberta.png 1250w, https:\/\/viajepragramado.com.br\/wp-content\/uploads\/2026\/08\/rua-coberta-768x460.png 768w, https:\/\/viajepragramado.com.br\/wp-content\/uploads\/2026\/08\/rua-coberta-18x12.png 18w, https:\/\/viajepragramado.com.br\/wp-content\/uploads\/2026\/08\/rua-coberta-600x360.png 600w\" sizes=\"(max-width: 1250px) 100vw, 1250px\" \/><\/figure>\n\n\n\n<p class=\"wp-block-paragraph\">O ponto mais famoso de Gramado ganha palco durante toda a temporada, com apresenta\u00e7\u00f5es di\u00e1rias \u00e0s 11h e \u00e0s 17h \u2014 corais, orquestras e artistas da regi\u00e3o. Cerca de 90% dos artistas s\u00e3o de Gramado e Canela. D\u00e1 para assistir sentado (por ordem de chegada), de p\u00e9 ou das mesas dos restaurantes ao redor.<\/p>\n\n\n\n<h3 class=\"wp-block-heading\">6. Show noturno na Loja Florybal<\/h3>\n\n\n\n<p class=\"wp-block-paragraph\">Aqui vai um segredo de morador: depois do Acendimento das Luzes, a Loja Florybal apresenta um show noturno na fachada, pertinho do Pal\u00e1cio dos Festivais. A maioria dos turistas vai embora ap\u00f3s o acendimento e perde \u2014 voc\u00ea n\u00e3o vai mais.<\/p>\n\n\n\n<h3 class=\"wp-block-heading\">7. Espet\u00e1culo do Hotel Casa da Montanha<\/h3>\n\n\n\n<p class=\"wp-block-paragraph\">O tradicional Hotel Casa da Montanha, na Borges de Medeiros, apresenta espet\u00e1culo natalino \u00e0 noite na sua varanda \u2014 e d\u00e1 para assistir da rua, de gra\u00e7a. \u00c9 um dos momentos mais charmosos do centro de Gramado na temporada.<\/p>\n\n\n\n<h3 class=\"wp-block-heading\">8. Coral na Lugano<\/h3>\n\n\n\n<p class=\"wp-block-paragraph\">Em datas selecionadas da temporada, a chocolateria Lugano recebe apresenta\u00e7\u00f5es de coral. N\u00e3o acontece todos os dias, ent\u00e3o vale perguntar na loja ou ficar de olho quando passar em frente \u00e0 noite \u2014 quando tem, para todo mundo na cal\u00e7ada.<\/p>\n\n\n\n<h3 class=\"wp-block-heading\">9. Shows de s\u00e1bado \u00e0 tarde no lago da Borges<\/h3>\n\n\n\n<p class=\"wp-block-paragraph\">Nas tardes de s\u00e1bado, o entorno do lago na regi\u00e3o da Borges de Medeiros recebe shows gratuitos. \u00c9 o programa perfeito para o s\u00e1bado: show \u00e0 tarde no lago, jantar cedo e Acendimento das Luzes \u00e0s 20h.<\/p>\n\n\n\n<h3 class=\"wp-block-heading\">10. Vila Santa Claus<\/h3>\n\n\n\n<p class=\"wp-block-paragraph\">A Vila Santa Claus tamb\u00e9m entra no clima com apresenta\u00e7\u00f5es natalinas gratuitas durante a temporada. Fica no centro, \u00e9 um cen\u00e1rio encantador para fotos e complementa bem o passeio pela Borges de Medeiros.<\/p>\n\n\n\n<h3 class=\"wp-block-heading\">11. Abertura oficial e Caminho de Luzes<\/h3>\n\n\n\n<p class=\"wp-block-paragraph\">A abertura do Natal Luz 2026 acontece em 22 de outubro, \u00e0s 19h, com participa\u00e7\u00e3o gratuita. \u00c9 uma das noites mais bonitas da temporada \u2014 e uma \u00f3tima raz\u00e3o para viajar logo no in\u00edcio, quando os hot\u00e9is ainda est\u00e3o com pre\u00e7o de baixa temporada. Veja como fica a cidade no nosso guia de <a href=\"https:\/\/viajepragramado.com.br\/es\/gramado-em-outubro\/\">Gramado em outubro<\/a>.<\/p>\n\n\n\n<h3 class=\"wp-block-heading\">12. Decora\u00e7\u00e3o tem\u00e1tica pela cidade inteira<\/h3>\n\n\n\n<figure class=\"wp-block-image size-full is-resized\"><img loading=\"lazy\" decoding=\"async\" width=\"1280\" height=\"750\" src=\"https:\/\/viajepragramado.com.br\/wp-content\/uploads\/2026\/06\/Portico-de-Gramado-Natal-Luz.jpg\" alt=\"P\u00f3rtico de Gramado \u00abNatal Luz\u00bb\" class=\"wp-image-30609\" style=\"width:439px;height:auto\" title=\"\" srcset=\"https:\/\/viajepragramado.com.br\/wp-content\/uploads\/2026\/06\/Portico-de-Gramado-Natal-Luz.jpg 1280w, https:\/\/viajepragramado.com.br\/wp-content\/uploads\/2026\/06\/Portico-de-Gramado-Natal-Luz-768x449.jpg 768w, https:\/\/viajepragramado.com.br\/wp-content\/uploads\/2026\/06\/Portico-de-Gramado-Natal-Luz-18x12.jpg 18w, https:\/\/viajepragramado.com.br\/wp-content\/uploads\/2026\/06\/Portico-de-Gramado-Natal-Luz-600x351.jpg 600w\" sizes=\"(max-width: 1280px) 100vw, 1280px\" \/><\/figure>\n\n\n\n<p class=\"wp-block-paragraph\">Gramado inteira vira cen\u00e1rio: ruas, pra\u00e7as, vitrines e fachadas iluminadas. Caminhar pela Borges de Medeiros e pela Rua Coberta \u00e0 noite j\u00e1 \u00e9, sozinho, um passeio que vale a viagem \u2014 e n\u00e3o custa nada.<\/p>\n\n\n\n<h2 class=\"wp-block-heading\">Roteiro gratuito: uma noite perfeita no Natal Luz sem gastar com ingresso<\/h2>\n\n\n\n<ul class=\"wp-block-list\">\n<li><strong>16h<\/strong> \u2014 Vila de Natal na Pra\u00e7a das Etnias: apresenta\u00e7\u00f5es, mercado natalino e Casa do Papai Noel.<\/li>\n\n\n\n<li><strong>17h<\/strong> \u2014 Show no Palco da Rua Coberta.<\/li>\n\n\n\n<li><strong>18h30<\/strong> \u2014 Caminhada pela Borges de Medeiros com a decora\u00e7\u00e3o acesa (pare na Vila Santa Claus e confira se tem coral na Lugano).<\/li>\n\n\n\n<li><strong>20:00 h<\/strong> \u2014 Show de Acendimento das Luzes, em frente ao Pal\u00e1cio dos Festivais.<\/li>\n\n\n\n<li><strong>20h30<\/strong> \u2014 Show noturno na Loja Florybal, ali do lado.<\/li>\n\n\n\n<li><strong>21h<\/strong> \u2014 Espet\u00e1culo na varanda do Hotel Casa da Montanha para fechar a noite.<\/li>\n<\/ul>\n\n\n\n<p class=\"wp-block-paragraph\">Se a sua noite for um s\u00e1bado, comece mais cedo: \u00e0s tardes de s\u00e1bado tem show no lago da Borges. E para continuar o roteiro depois, veja <a href=\"https:\/\/viajepragramado.com.br\/es\/o-que-fazer-em-gramado-a-noite\/\">o que fazer em Gramado \u00e0 noite<\/a>.<\/p>\n\n\n\n<h2 class=\"wp-block-heading\">Gratuito \u00e9 incr\u00edvel \u2014 mas os espet\u00e1culos pagos s\u00e3o a raz\u00e3o da viagem<\/h2>\n\n\n\n<figure class=\"wp-block-image size-full\"><img loading=\"lazy\" decoding=\"async\" width=\"575\" height=\"270\" src=\"https:\/\/viajepragramado.com.br\/wp-content\/uploads\/2025\/10\/Cupom-Nativitaten-5.jpg\" alt=\"Espet\u00e1culo de luzes e fogos na cidade de Gramado durante o Natal Luz 2026.\" class=\"wp-image-26309\" title=\"\" srcset=\"https:\/\/viajepragramado.com.br\/wp-content\/uploads\/2025\/10\/Cupom-Nativitaten-5.jpg 575w, https:\/\/viajepragramado.com.br\/wp-content\/uploads\/2025\/10\/Cupom-Nativitaten-5-768x360.jpg 768w, https:\/\/viajepragramado.com.br\/wp-content\/uploads\/2025\/10\/Cupom-Nativitaten-5-600x281.jpg 600w\" sizes=\"(max-width: 575px) 100vw, 575px\" \/><figcaption class=\"wp-element-caption\">Atra\u00e7\u00e3o de Natal Luz em Gramado com fogos, luzes e performances ao vivo.<\/figcaption><\/figure>\n\n\n\n<p class=\"wp-block-paragraph\">Vou ser honesto com voc\u00ea, como morador:<\/p>\n\n\n\n<p class=\"wp-block-paragraph\">A programa\u00e7\u00e3o gratuita cria o clima, mas o Grande Desfile de Natal e o Nativitaten s\u00e3o outra dimens\u00e3o. Carros aleg\u00f3ricos gigantes. Vozes l\u00edricas, \u00e1guas dan\u00e7antes e fogos sobre o lago do Serra Park. S\u00e3o essas duas noites que fazem as pessoas voltarem todo ano.<\/p>\n\n\n\n<p class=\"wp-block-paragraph\">E aqui vem a melhor parte:<\/p>\n\n\n\n<p class=\"wp-block-paragraph\">No <strong>1\u00ba lote, o cupom OVIAJANTE est\u00e1 dando 15% de desconto<\/strong> nos ingressos dos dois espet\u00e1culos \u2014 sobre o menor pre\u00e7o da temporada (a partir de R$ 280, em at\u00e9 8x sem juros). Ou seja: desconto em cima de desconto.<\/p>\n\n\n\n<ul class=\"wp-block-list\">\n<li><a href=\"https:\/\/parksnet.com.br\/destino\/serra-gaucha\/o-grande-desfile-de-natal?bookingAgency=21&amp;cupom=OVIAJANTE&amp;utm_source=Afiliado05\" target=\"_blank\" rel=\"nofollow sponsored noopener\"><strong>\u2192 Grande Desfile de Natal com 15% OFF (cupom OVIAJANTE j\u00e1 aplicado)<\/strong><\/a><\/li>\n\n\n\n<li><a href=\"https:\/\/parksnet.com.br\/ingressos\/natal-luz?ingToken=nativitaten&amp;bookingAgency=21&amp;cupom=OVIAJANTE&amp;utm_source=Afiliado05\" target=\"_blank\" rel=\"nofollow sponsored noopener\"><strong>\u2192 Nativitaten com 15% OFF (cupom OVIAJANTE j\u00e1 aplicado)<\/strong><\/a><\/li>\n<\/ul>\n\n\n\n<p class=\"wp-block-paragraph\">Quer ver os dias e hor\u00e1rios de cada espet\u00e1culo antes de escolher? Est\u00e1 tudo no nosso guia da <a href=\"https:\/\/viajepragramado.com.br\/es\/programacao-natal-luz-gramado-2026\/\">programa\u00e7\u00e3o do Natal Luz Gramado 2026<\/a> e na <a href=\"https:\/\/viajepragramado.com.br\/es\/entradas-luces-de-navidad\/\">p\u00e1gina de entradas para Natal Luz<\/a>.<\/p>\n\n\n\n<h2 class=\"wp-block-heading\">Perguntas frequentes sobre o Natal Luz Gramado 2026 de gra\u00e7a<\/h2>\n\n\n\n<h3 class=\"wp-block-heading\">O que fazer de gra\u00e7a no Natal Luz Gramado 2026?<\/h3>\n\n\n\n<p class=\"wp-block-paragraph\">No Natal Luz Gramado 2026, as principais atra\u00e7\u00f5es gratuitas s\u00e3o o Show de Acendimento das Luzes (di\u00e1rio, \u00e0s 20h), a Vila de Natal na Pra\u00e7a das Etnias, a Paradinha de Natal na Borges de Medeiros, o Palco da Rua Coberta e os shows na Florybal, na Lugano e no Hotel Casa da Montanha.<\/p>\n\n\n\n<h3 class=\"wp-block-heading\">O Acendimento das Luzes do Natal Luz \u00e9 gratuito?<\/h3>\n\n\n\n<p class=\"wp-block-paragraph\">Sim. O Show de Acendimento das Luzes do Natal Luz Gramado 2026 \u00e9 gratuito e acontece todos os dias da temporada, \u00e0s 20h, em frente ao Pal\u00e1cio dos Festivais, no centro de Gramado. Nos fins de semana de dezembro, vale chegar com 40 minutos de anteced\u00eancia.<\/p>\n\n\n\n<h3 class=\"wp-block-heading\">Quanto custa a Vila de Natal em Gramado?<\/h3>\n\n\n\n<p class=\"wp-block-paragraph\">A entrada na Vila de Natal do Natal Luz Gramado 2026 \u00e9 gratuita. Ela funciona todos os dias da temporada, das 9h \u00e0s 21h, na Pra\u00e7a das Etnias, com mercado natalino, gastronomia, apresenta\u00e7\u00f5es art\u00edsticas e a Casa do Papai Noel \u2014 que tamb\u00e9m tem visita gratuita.<\/p>\n\n\n\n<h3 class=\"wp-block-heading\">D\u00e1 para aproveitar o Natal Luz 2026 sem comprar ingresso?<\/h3>\n\n\n\n<p class=\"wp-block-paragraph\">Sim. O Natal Luz Gramado 2026 tem mais de 400 apresenta\u00e7\u00f5es gratuitas entre 22 de outubro de 2026 e 17 de janeiro de 2027, incluindo o Acendimento das Luzes, a Vila de Natal e os shows da Rua Coberta. Os espet\u00e1culos pagos, como o Grande Desfile, s\u00e3o um complemento \u2014 n\u00e3o uma obriga\u00e7\u00e3o.<\/p>\n\n\n\n<h3 class=\"wp-block-heading\">Quais espet\u00e1culos do Natal Luz 2026 s\u00e3o pagos?<\/h3>\n\n\n\n<p class=\"wp-block-paragraph\">Os espet\u00e1culos pagos do Natal Luz Gramado 2026 s\u00e3o O Grande Desfile de Natal, o Nativitaten e as estreias Brilho de Natal by LightWire e Natal Luz in Concert. Os ingressos partem de R$ 280 no 1\u00ba lote, e o cupom OVIAJANTE garante 15% de desconto no Grande Desfile e no Nativitaten.<\/p>\n\n\n\n<h3 class=\"wp-block-heading\">Qual \u00e9 o cupom de desconto do Natal Luz 2026?<\/h3>\n\n\n\n<p class=\"wp-block-paragraph\">O cupom de desconto do Natal Luz 2026 \u00e9 o OVIAJANTE, divulgado pelo site viajepragramado.com.br. No 1\u00ba lote, ele garante 15% de desconto nos ingressos do Grande Desfile de Natal e do Nativitaten na plataforma Parksnet \u2014 o menor pre\u00e7o da temporada 2026\/2027.<\/p>\n\n\n\n<h3 class=\"wp-block-heading\">Onde ver o Papai Noel de gra\u00e7a em Gramado?<\/h3>\n\n\n\n<p class=\"wp-block-paragraph\">Em Gramado, durante o Natal Luz 2026, o Papai Noel recebe as crian\u00e7as gratuitamente na Casa do Papai Noel, dentro da Vila de Natal, na Pra\u00e7a das Etnias, aberta diariamente das 9h \u00e0s 21h. Ele tamb\u00e9m aparece na Paradinha de Natal, na Avenida Borges de Medeiros.<\/p>\n\n\n\n<h3 class=\"wp-block-heading\">O cupom OVIAJANTE vale para hot\u00e9is e restaurantes em Gramado?<\/h3>\n\n\n\n<p class=\"wp-block-paragraph\">Sim. Al\u00e9m dos 15% nos ingressos do Natal Luz, o cupom OVIAJANTE, divulgado pelo site viajepragramado.com.br, garante at\u00e9 40% de desconto em hot\u00e9is, parques, passeios e restaurantes de Gramado e Canela \u2014 v\u00e1lido nos sites oficiais dos parceiros durante toda a temporada 2026.<\/p>\n\n\n\n<h2 class=\"wp-block-heading\">Economize na viagem inteira com o cupom OVIAJANTE<\/h2>\n\n\n\n<p class=\"wp-block-paragraph\">Recapitulando: d\u00e1 para viver dias inteiros de Natal Luz Gramado 2026 de gra\u00e7a \u2014 Acendimento, Vila de Natal, Paradinha, Rua Coberta e os shows que s\u00f3 morador conhece.<\/p>\n\n\n\n<p class=\"wp-block-paragraph\">E quando voc\u00ea decidir viver tamb\u00e9m o Grande Desfile e o Nativitaten, o cupom <strong>OVIAJANTE<\/strong> corta 15% do valor j\u00e1 baixo do 1\u00ba lote.<\/p>\n\n\n\n<p class=\"wp-block-paragraph\">Mas o cupom n\u00e3o para no Natal Luz: o mesmo c\u00f3digo <strong>OVIAJANTE<\/strong> garante descontos em <strong>hot\u00e9is, parques e restaurantes de Gramado e Canela<\/strong> \u2014 at\u00e9 40%, dependendo do parceiro. \u00c9 a viagem inteira custando menos, do check-in ao jantar.<\/p>\n\n\n\n<p class=\"wp-block-paragraph\"><a href=\"https:\/\/viajepragramado.com.br\/es\/cupones-de-descuento\/\"><strong>\u2192 Ver todos os cupons de desconto de Gramado e Canela<\/strong><\/a><\/p>\n\n\n<div class=\"kk-star-ratings kksr-auto kksr-align-left kksr-valign-bottom\"\n    data-payload='{&quot;align&quot;:&quot;left&quot;,&quot;id&quot;:&quot;31454&quot;,&quot;slug&quot;:&quot;default&quot;,&quot;valign&quot;:&quot;bottom&quot;,&quot;ignore&quot;:&quot;&quot;,&quot;reference&quot;:&quot;auto&quot;,&quot;class&quot;:&quot;&quot;,&quot;count&quot;:&quot;0&quot;,&quot;legendonly&quot;:&quot;&quot;,&quot;readonly&quot;:&quot;&quot;,&quot;score&quot;:&quot;0&quot;,&quot;starsonly&quot;:&quot;&quot;,&quot;best&quot;:&quot;5&quot;,&quot;gap&quot;:&quot;5&quot;,&quot;greet&quot;:&quot;Vote Aqui&quot;,&quot;legend&quot;:&quot;0\\\/5 - (0 votes)&quot;,&quot;size&quot;:&quot;24&quot;,&quot;title&quot;:&quot;Natal Luz Gramado 2026 de Gra\u00e7a: 12 Atra\u00e7\u00f5es Gratuitas que S\u00f3 Morador Conhece&quot;,&quot;width&quot;:&quot;0&quot;,&quot;_legend&quot;:&quot;{score}\\\/{best} - ({count} {votes})&quot;,&quot;font_factor&quot;:&quot;1.25&quot;}'>\n            \n<div class=\"kksr-stars\">\n    \n<div class=\"kksr-stars-inactive\">\n            <div class=\"kksr-star\" data-star=\"1\" style=\"padding-right: 5px\">\n            \n\n<div class=\"kksr-icon\" style=\"width: 24px; height: 24px;\"><\/div>\n        <\/div>\n            <div class=\"kksr-star\" data-star=\"2\" style=\"padding-right: 5px\">\n            \n\n<div class=\"kksr-icon\" style=\"width: 24px; height: 24px;\"><\/div>\n        <\/div>\n            <div class=\"kksr-star\" data-star=\"3\" style=\"padding-right: 5px\">\n            \n\n<div class=\"kksr-icon\" style=\"width: 24px; height: 24px;\"><\/div>\n        <\/div>\n            <div class=\"kksr-star\" data-star=\"4\" style=\"padding-right: 5px\">\n            \n\n<div class=\"kksr-icon\" style=\"width: 24px; height: 24px;\"><\/div>\n        <\/div>\n            <div class=\"kksr-star\" data-star=\"5\" style=\"padding-right: 5px\">\n            \n\n<div class=\"kksr-icon\" style=\"width: 24px; height: 24px;\"><\/div>\n        <\/div>\n    <\/div>\n    \n<div class=\"kksr-stars-active\" style=\"width: 0px;\">\n            <div class=\"kksr-star\" style=\"padding-right: 5px\">\n            \n\n<div class=\"kksr-icon\" style=\"width: 24px; height: 24px;\"><\/div>\n        <\/div>\n            <div class=\"kksr-star\" style=\"padding-right: 5px\">\n            \n\n<div class=\"kksr-icon\" style=\"width: 24px; height: 24px;\"><\/div>\n        <\/div>\n            <div class=\"kksr-star\" style=\"padding-right: 5px\">\n            \n\n<div class=\"kksr-icon\" style=\"width: 24px; height: 24px;\"><\/div>\n        <\/div>\n            <div class=\"kksr-star\" style=\"padding-right: 5px\">\n            \n\n<div class=\"kksr-icon\" style=\"width: 24px; height: 24px;\"><\/div>\n        <\/div>\n            <div class=\"kksr-star\" style=\"padding-right: 5px\">\n            \n\n<div class=\"kksr-icon\" style=\"width: 24px; height: 24px;\"><\/div>\n        <\/div>\n    <\/div>\n<\/div>\n                \n\n<div class=\"kksr-legend\" style=\"font-size: 19.2px;\">\n            <span class=\"kksr-muted\">Vote aqu\u00ed<\/span>\n    <\/div>\n    <\/div>","protected":false},"excerpt":{"rendered":"<p>Natal Luz Gramado 2026 de gra\u00e7a: as 12 melhores atra\u00e7\u00f5es gratuitas com dias e hor\u00e1rios, roteiro de uma noite completa sem ingresso e 15% OFF nos espet\u00e1culos pagos com o cupom OVIAJANTE.<\/p>","protected":false},"author":1,"featured_media":31456,"comment_status":"open","ping_status":"open","sticky":false,"template":"","format":"standard","meta":{"footnotes":""},"categories":[153],"tags":[621,619,499,91,125,614,618,620],"class_list":["post-31454","post","type-post","status-publish","format-standard","has-post-thumbnail","hentry","category-dicas","tag-acendimento-das-luzes","tag-atracoes-gratuitas","tag-cupom-oviajante","tag-gramado","tag-natal-luz","tag-natal-luz-2026","tag-natal-luz-de-graca","tag-vila-de-natal"],"featured_image_src":"https:\/\/viajepragramado.com.br\/wp-content\/uploads\/2026\/08\/Natal-Luz-Gramado-2026-de-Graca.png","author_info":{"display_name":"Jonatas Kapczynski","author_link":"https:\/\/viajepragramado.com.br\/es\/author\/jonatas\/"},"_links":{"self":[{"href":"https:\/\/viajepragramado.com.br\/es\/wp-json\/wp\/v2\/posts\/31454","targetHints":{"allow":["GET"]}}],"collection":[{"href":"https:\/\/viajepragramado.com.br\/es\/wp-json\/wp\/v2\/posts"}],"about":[{"href":"https:\/\/viajepragramado.com.br\/es\/wp-json\/wp\/v2\/types\/post"}],"author":[{"embeddable":true,"href":"https:\/\/viajepragramado.com.br\/es\/wp-json\/wp\/v2\/users\/1"}],"replies":[{"embeddable":true,"href":"https:\/\/viajepragramado.com.br\/es\/wp-json\/wp\/v2\/comments?post=31454"}],"version-history":[{"count":2,"href":"https:\/\/viajepragramado.com.br\/es\/wp-json\/wp\/v2\/posts\/31454\/revisions"}],"predecessor-version":[{"id":31462,"href":"https:\/\/viajepragramado.com.br\/es\/wp-json\/wp\/v2\/posts\/31454\/revisions\/31462"}],"wp:featuredmedia":[{"embeddable":true,"href":"https:\/\/viajepragramado.com.br\/es\/wp-json\/wp\/v2\/media\/31456"}],"wp:attachment":[{"href":"https:\/\/viajepragramado.com.br\/es\/wp-json\/wp\/v2\/media?parent=31454"}],"wp:term":[{"taxonomy":"category","embeddable":true,"href":"https:\/\/viajepragramado.com.br\/es\/wp-json\/wp\/v2\/categories?post=31454"},{"taxonomy":"post_tag","embeddable":true,"href":"https:\/\/viajepragramado.com.br\/es\/wp-json\/wp\/v2\/tags?post=31454"}],"curies":[{"name":"wp","href":"https:\/\/api.w.org\/{rel}","templated":true}]}}