{"id":31463,"date":"2026-09-01T06:00:00","date_gmt":"2026-09-01T09:00:00","guid":{"rendered":"https:\/\/viajepragramado.com.br\/"},"modified":"2026-08-30T15:40:11","modified_gmt":"2026-08-30T18:40:11","slug":"o-que-fazer-em-canela-com-chuva","status":"publish","type":"post","link":"https:\/\/viajepragramado.com.br\/es\/o-que-fazer-em-canela-com-chuva\/","title":{"rendered":"O Que Fazer em Canela com Chuva: 10 Passeios Cobertos por Quem Mora na Serra"},"content":{"rendered":"<p class=\"wp-block-paragraph\">Come\u00e7ou a chover e o roteiro em Canela parece amea\u00e7ado? Calma \u2014 voc\u00ea chegou ao lugar certo.<\/p>\n\n\n\n<p class=\"wp-block-paragraph\">Eu moro na Serra Ga\u00facha e vou te contar um segredo: chuva por aqui n\u00e3o \u00e9 azar, \u00e9 rotina. E Canela tem uma cole\u00e7\u00e3o de atra\u00e7\u00f5es cobertas que transformam um dia cinzento num dos melhores da viagem.<\/p>\n\n\n\n<p class=\"wp-block-paragraph\">Neste guia voc\u00ea encontra o que fazer em Canela com chuva: 10 passeios cobertos entre parques tem\u00e1ticos, a Catedral de Pedra, caf\u00e9s coloniais e jantares com show \u2014 com os descontos do cupom OVIAJANTE para economizar em quase todos.<\/p>\n\n\n\n<h2 class=\"wp-block-heading\">Lo esencial en 30 segundos<\/h2>\n\n\n\n<ul class=\"wp-block-list\">\n<li><strong>Melhores parques cobertos:<\/strong> Space Adventure (NASA), Mundo a Vapor e Big Land \u2014 os tr\u00eas em ambientes fechados.<\/li>\n\n\n\n<li><strong>Cl\u00e1ssico que funciona na chuva:<\/strong> o interior da Catedral de Pedra, com seus vitrais \u2014 de gra\u00e7a.<\/li>\n\n\n\n<li><strong>Tarde chuvosa perfeita:<\/strong> caf\u00e9 colonial servido \u00e0 mesa, sem pressa.<\/li>\n\n\n\n<li><strong>Noite garantida:<\/strong> churrascaria com show folcl\u00f3rico (Fundo da Grota ou Garfo e Bombacha), pizza ou parrilla.<\/li>\n\n\n\n<li><strong>Econom\u00eda:<\/strong> el cup\u00f3n <strong>OVIAJANTE<\/strong> garante at\u00e9 40% de desconto nas atra\u00e7\u00f5es e restaurantes parceiros de Gramado e Canela.<\/li>\n\n\n\n<li><strong>Deixe para o dia seco:<\/strong> Parque do Caracol, Alpen Park e Skyglass \u2014 s\u00e3o ao ar livre.<\/li>\n<\/ul>\n\n\n\n<h2 class=\"wp-block-heading\">Parques cobertos em Canela para dias de chuva<\/h2>\n\n\n\n<h3 class=\"wp-block-heading\">1. Space Adventure<\/h3>\n\n\n\n<figure class=\"wp-block-image size-full is-resized\"><img fetchpriority=\"high\" decoding=\"async\" width=\"1920\" height=\"1280\" src=\"https:\/\/viajepragramado.com.br\/wp-content\/uploads\/2023\/08\/Space-Adventure.jpg\" alt=\"Cup\u00f3n Aventura espacial\" class=\"wp-image-21580\" style=\"aspect-ratio:1.5058965237121489;width:418px;height:auto\" title=\"\" srcset=\"https:\/\/viajepragramado.com.br\/wp-content\/uploads\/2023\/08\/Space-Adventure.jpg 1920w, https:\/\/viajepragramado.com.br\/wp-content\/uploads\/2023\/08\/Space-Adventure-768x512.jpg 768w, https:\/\/viajepragramado.com.br\/wp-content\/uploads\/2023\/08\/Space-Adventure-600x400.jpg 600w, https:\/\/viajepragramado.com.br\/wp-content\/uploads\/2023\/08\/Space-Adventure-900x600.jpg 900w, https:\/\/viajepragramado.com.br\/wp-content\/uploads\/2023\/08\/Space-Adventure-450x300.jpg 450w, https:\/\/viajepragramado.com.br\/wp-content\/uploads\/2023\/08\/Space-Adventure-18x12.jpg 18w\" sizes=\"(max-width: 1920px) 100vw, 1920px\" \/><\/figure>\n\n\n\n<p class=\"wp-block-paragraph\">O \u00fanico parque tem\u00e1tico licenciado pela NASA fora dos Estados Unidos fica em Canela \u2014 e \u00e9 100% coberto. S\u00e3o mais de 300 itens originais das miss\u00f5es espaciais, simuladores e planet\u00e1rio.<\/p>\n\n\n\n<p class=\"wp-block-paragraph\">Olha s\u00f3: \u00e9 o tipo de atra\u00e7\u00e3o que rende 2 a 3 horas f\u00e1ceis, e a chuva l\u00e1 fora vira detalhe. Ideal para fam\u00edlias com crian\u00e7as a partir dos 6 anos e para adultos f\u00e3s de ci\u00eancia.<\/p>\n\n\n\n<p class=\"wp-block-paragraph\"><a href=\"https:\/\/viajepragramado.com.br\/es\/entradas\/aventura-espacial\/\"><strong>\u2192 Ingresso do Space Adventure com o cupom OVIAJANTE<\/strong><\/a><\/p>\n\n\n\n<h3 class=\"wp-block-heading\">2. Mundo a Vapor<\/h3>\n\n\n\n<figure class=\"wp-block-image size-full is-resized\"><img decoding=\"async\" width=\"1280\" height=\"750\" src=\"https:\/\/viajepragramado.com.br\/wp-content\/uploads\/2026\/04\/cupom-Mundo-a-Vapor-1.jpg\" alt=\"cup\u00f3n Mundo a Vapor\" class=\"wp-image-30128\" style=\"aspect-ratio:1.7066891012413092;object-fit:cover;width:418px;height:auto\" title=\"\" srcset=\"https:\/\/viajepragramado.com.br\/wp-content\/uploads\/2026\/04\/cupom-Mundo-a-Vapor-1.jpg 1280w, https:\/\/viajepragramado.com.br\/wp-content\/uploads\/2026\/04\/cupom-Mundo-a-Vapor-1-768x449.jpg 768w, https:\/\/viajepragramado.com.br\/wp-content\/uploads\/2026\/04\/cupom-Mundo-a-Vapor-1-18x12.jpg 18w, https:\/\/viajepragramado.com.br\/wp-content\/uploads\/2026\/04\/cupom-Mundo-a-Vapor-1-600x351.jpg 600w\" sizes=\"(max-width: 1280px) 100vw, 1280px\" \/><\/figure>\n\n\n\n<p class=\"wp-block-paragraph\">Reaberto em 2026 depois da maior reforma da sua hist\u00f3ria (R$ 60 milh\u00f5es investidos), o Mundo a Vapor virou uma experi\u00eancia imersiva com salas tem\u00e1ticas cobertas \u2014 perfeitas para a chuva. A famosa fachada do trem continua l\u00e1 para a foto cl\u00e1ssica.<\/p>\n\n\n\n<p class=\"wp-block-paragraph\">Anota essa dica: a Roda Canela, a roda-gigante do complexo, \u00e9 ao ar livre. Se chover forte, fa\u00e7a o roteiro interno e deixe a roda para uma janela de tempo aberto. Contamos tudo no nosso <a href=\"https:\/\/viajepragramado.com.br\/es\/mundo-a-vapor-em-canela\/\">guia completo do Mundo a Vapor<\/a>.<\/p>\n\n\n\n<p class=\"wp-block-paragraph\"><a href=\"https:\/\/viajepragramado.com.br\/es\/entradas\/el-mundo-del-vapor\/\"><strong>\u2192 Ingresso do Mundo a Vapor com o cupom OVIAJANTE<\/strong><\/a><\/p>\n\n\n\n<h3 class=\"wp-block-heading\">3. Big Land<\/h3>\n\n\n\n<figure class=\"wp-block-image size-full is-resized\"><img decoding=\"async\" width=\"1280\" height=\"750\" src=\"https:\/\/viajepragramado.com.br\/wp-content\/uploads\/2026\/03\/Como-funciona-o-Big-Land-e-tempo-de-visita.jpg\" alt=\"Funcionamiento y horarios de visita de Big Land\" class=\"wp-image-29435\" style=\"width:418px;height:auto\" title=\"\" srcset=\"https:\/\/viajepragramado.com.br\/wp-content\/uploads\/2026\/03\/Como-funciona-o-Big-Land-e-tempo-de-visita.jpg 1280w, https:\/\/viajepragramado.com.br\/wp-content\/uploads\/2026\/03\/Como-funciona-o-Big-Land-e-tempo-de-visita-768x449.jpg 768w, https:\/\/viajepragramado.com.br\/wp-content\/uploads\/2026\/03\/Como-funciona-o-Big-Land-e-tempo-de-visita-18x12.jpg 18w, https:\/\/viajepragramado.com.br\/wp-content\/uploads\/2026\/03\/Como-funciona-o-Big-Land-e-tempo-de-visita-600x351.jpg 600w\" sizes=\"(max-width: 1280px) 100vw, 1280px\" \/><\/figure>\n\n\n\n<p class=\"wp-block-paragraph\">No centro de Canela, dentro da Esta\u00e7\u00e3o Campos de Canella, o Big Land \u00e9 o primeiro parque tem\u00e1tico do mundo dedicado ao gigantismo \u2014 objetos enormes que rendem as fotos mais divertidas da viagem. Totalmente coberto e no cora\u00e7\u00e3o da cidade: se a chuva apertar, voc\u00ea sai dele direto para os caf\u00e9s do centrinho.<\/p>\n\n\n\n<p class=\"wp-block-paragraph\"><a href=\"https:\/\/viajepragramado.com.br\/es\/entradas\/tierra-grande\/\"><strong>\u2192 Ingresso do Big Land com o cupom OVIAJANTE<\/strong><\/a><\/p>\n\n\n\n<h2 class=\"wp-block-heading\">Catedral de Pedra: o cart\u00e3o-postal que a chuva n\u00e3o estraga<\/h2>\n\n\n\n<h3 class=\"wp-block-heading\">4. Visitar o interior da Catedral<\/h3>\n\n\n\n<figure class=\"wp-block-image size-full is-resized\"><img loading=\"lazy\" decoding=\"async\" width=\"1250\" height=\"750\" src=\"https:\/\/viajepragramado.com.br\/wp-content\/uploads\/2026\/09\/catedral-de-pedra.jpg\" alt=\"catedral de pedra\" class=\"wp-image-31470\" style=\"width:418px;height:auto\" title=\"\" srcset=\"https:\/\/viajepragramado.com.br\/wp-content\/uploads\/2026\/09\/catedral-de-pedra.jpg 1250w, https:\/\/viajepragramado.com.br\/wp-content\/uploads\/2026\/09\/catedral-de-pedra-768x460.jpg 768w, https:\/\/viajepragramado.com.br\/wp-content\/uploads\/2026\/09\/catedral-de-pedra-18x12.jpg 18w, https:\/\/viajepragramado.com.br\/wp-content\/uploads\/2026\/09\/catedral-de-pedra-600x360.jpg 600w\" sizes=\"(max-width: 1250px) 100vw, 1250px\" \/><\/figure>\n\n\n\n<p class=\"wp-block-paragraph\">A Catedral de Nossa Senhora de Lourdes \u2014 a famosa <a href=\"https:\/\/canela.com.br\/atrativos\/catedral-de-pedra-paroquia-nossa-senhora-de-lourdes\/\" target=\"_blank\" data-type=\"link\" data-id=\"https:\/\/canela.com.br\/atrativos\/catedral-de-pedra-paroquia-nossa-senhora-de-lourdes\/\" rel=\"noreferrer noopener nofollow sponsored\">Catedral de Piedra<\/a> \u2014 \u00e9 o s\u00edmbolo de Canela. E aqui vai a parte que poucos aproveitam: o interior, com seus vitrais e a atmosfera silenciosa, fica ainda mais bonito em dia nublado. A visita \u00e9 gratuita.<\/p>\n\n\n\n<p class=\"wp-block-paragraph\">De quebra, a pra\u00e7a em volta tem lojinhas e caf\u00e9s cobertos para esperar a chuva passar. \u00c9 a parada perfeita entre um parque e o almo\u00e7o.<\/p>\n\n\n\n<h2 class=\"wp-block-heading\">Onde comer em Canela num dia de chuva<\/h2>\n\n\n\n<p class=\"wp-block-paragraph\">A boa not\u00edcia? Em dia de chuva na Serra, a mesa vira programa. E Canela tem op\u00e7\u00f5es para a tarde inteira e para a noite:<\/p>\n\n\n\n<h3 class=\"wp-block-heading\">5. Gramado Caf\u00e9 Colonial<\/h3>\n\n\n\n<figure class=\"wp-block-image size-full is-resized\"><img loading=\"lazy\" decoding=\"async\" width=\"1600\" height=\"900\" src=\"https:\/\/viajepragramado.com.br\/wp-content\/uploads\/2026\/01\/Cupom-Gramado-Cafe-Colonial1.webp\" alt=\"Gramado Caf\u00e9 Colonial\" class=\"wp-image-29575\" style=\"width:418px;height:auto\" title=\"\" srcset=\"https:\/\/viajepragramado.com.br\/wp-content\/uploads\/2026\/01\/Cupom-Gramado-Cafe-Colonial1.webp 1600w, https:\/\/viajepragramado.com.br\/wp-content\/uploads\/2026\/01\/Cupom-Gramado-Cafe-Colonial1-768x432.webp 768w, https:\/\/viajepragramado.com.br\/wp-content\/uploads\/2026\/01\/Cupom-Gramado-Cafe-Colonial1-600x337.webp 600w\" sizes=\"(max-width: 1600px) 100vw, 1600px\" \/><\/figure>\n\n\n\n<p class=\"wp-block-paragraph\">O caf\u00e9 colonial \u00e9 o programa oficial de tarde chuvosa na Serra: dezenas de del\u00edcias alem\u00e3s e italianas servidas \u00e0 mesa, \u00e0 vontade, sem pressa nenhuma. O Gramado Caf\u00e9 Colonial, no corredor que liga Gramado a Canela, \u00e9 um dos mais tradicionais \u2014 e com o cupom OVIAJANTE voc\u00ea garante 10% de desconto na reserva.<\/p>\n\n\n\n<p class=\"wp-block-paragraph\"><a href=\"https:\/\/viajepragramado.com.br\/es\/entradas\/gramado-cafe-colonial\/\"><strong>\u2192 Reservar o Gramado Caf\u00e9 Colonial com 10% OFF<\/strong><\/a><\/p>\n\n\n\n<h3 class=\"wp-block-heading\">6. Churrascaria Fundo da Grota<\/h3>\n\n\n\n<figure class=\"wp-block-image size-full is-resized\"><img loading=\"lazy\" decoding=\"async\" width=\"800\" height=\"600\" src=\"https:\/\/viajepragramado.com.br\/wp-content\/uploads\/2024\/08\/Cupom-Fundo-da-Grota-03.png\" alt=\"Cup\u00f3n Fundo da Grota\" class=\"wp-image-29032\" style=\"width:418px;height:auto\" title=\"\" srcset=\"https:\/\/viajepragramado.com.br\/wp-content\/uploads\/2024\/08\/Cupom-Fundo-da-Grota-03.png 800w, https:\/\/viajepragramado.com.br\/wp-content\/uploads\/2024\/08\/Cupom-Fundo-da-Grota-03-768x576.png 768w, https:\/\/viajepragramado.com.br\/wp-content\/uploads\/2024\/08\/Cupom-Fundo-da-Grota-03-600x450.png 600w, https:\/\/viajepragramado.com.br\/wp-content\/uploads\/2024\/08\/Cupom-Fundo-da-Grota-03-450x337.png 450w\" sizes=\"(max-width: 800px) 100vw, 800px\" \/><\/figure>\n\n\n\n<p class=\"wp-block-paragraph\">Um galp\u00e3o t\u00edpico, churrasco ga\u00facho leg\u00edtimo e show folcl\u00f3rico ao vivo \u2014 tudo coberto, quentinho e emocionante. A Fundo da Grota \u00e9 a experi\u00eancia mais raiz da regi\u00e3o e transforma uma noite de chuva na melhor noite da viagem.<\/p>\n\n\n\n<p class=\"wp-block-paragraph\"><a href=\"https:\/\/viajepragramado.com.br\/es\/entradas\/churrascaria-fundo-da-grota\/\"><strong>\u2192 Reservar a Fundo da Grota com o cupom OVIAJANTE<\/strong><\/a><\/p>\n\n\n\n<h3 class=\"wp-block-heading\">7. Churrascaria Garfo e Bombacha<\/h3>\n\n\n\n<figure class=\"wp-block-image size-full is-resized\"><img loading=\"lazy\" decoding=\"async\" width=\"1250\" height=\"750\" src=\"https:\/\/viajepragramado.com.br\/wp-content\/uploads\/2026\/07\/Churrascaria-Garfo-e-Bombacha.jpg\" alt=\"Asador Garfo e Bombacha\" class=\"wp-image-30878\" style=\"width:418px;height:auto\" title=\"\" srcset=\"https:\/\/viajepragramado.com.br\/wp-content\/uploads\/2026\/07\/Churrascaria-Garfo-e-Bombacha.jpg 1250w, https:\/\/viajepragramado.com.br\/wp-content\/uploads\/2026\/07\/Churrascaria-Garfo-e-Bombacha-768x460.jpg 768w, https:\/\/viajepragramado.com.br\/wp-content\/uploads\/2026\/07\/Churrascaria-Garfo-e-Bombacha-18x12.jpg 18w, https:\/\/viajepragramado.com.br\/wp-content\/uploads\/2026\/07\/Churrascaria-Garfo-e-Bombacha-600x360.jpg 600w\" sizes=\"(max-width: 1250px) 100vw, 1250px\" \/><\/figure>\n\n\n\n<p class=\"wp-block-paragraph\">Em Canela, coladinha em Gramado, a Garfo e Bombacha apresenta a Noite Ga\u00facha mais tradicional da regi\u00e3o: rod\u00edzio de churrasco com espet\u00e1culo de dan\u00e7as folcl\u00f3ricas. Programa fechado, com show \u2014 feito sob medida para noite chuvosa em fam\u00edlia.<\/p>\n\n\n\n<p class=\"wp-block-paragraph\"><a href=\"https:\/\/viajepragramado.com.br\/es\/entradas\/churrascaria-garfo-e-bombacha\/\"><strong>\u2192 Reservar a Garfo e Bombacha com o cupom OVIAJANTE<\/strong><\/a><\/p>\n\n\n\n<h3 class=\"wp-block-heading\">8. Pizzaria The Petit<\/h3>\n\n\n\n<figure class=\"wp-block-image size-full is-resized\"><img loading=\"lazy\" decoding=\"async\" width=\"800\" height=\"600\" src=\"https:\/\/viajepragramado.com.br\/wp-content\/uploads\/2025\/05\/Cupom-The-Petit-Canela-16.jpg\" alt=\"El cup\u00f3n Petit Cinnamon\" class=\"wp-image-25101\" style=\"width:418px;height:auto\" title=\"\" srcset=\"https:\/\/viajepragramado.com.br\/wp-content\/uploads\/2025\/05\/Cupom-The-Petit-Canela-16.jpg 800w, https:\/\/viajepragramado.com.br\/wp-content\/uploads\/2025\/05\/Cupom-The-Petit-Canela-16-768x576.jpg 768w, https:\/\/viajepragramado.com.br\/wp-content\/uploads\/2025\/05\/Cupom-The-Petit-Canela-16-600x450.jpg 600w\" sizes=\"(max-width: 800px) 100vw, 800px\" \/><\/figure>\n\n\n\n<p class=\"wp-block-paragraph\">Quer uma noite mais despretensiosa? A Pizzaria The Petit \u00e9 a pedida: ambiente acolhedor e pizza saindo do forno enquanto chove l\u00e1 fora. Simples, gostoso e sem depender do tempo.<\/p>\n\n\n\n<p class=\"wp-block-paragraph\"><a href=\"https:\/\/viajepragramado.com.br\/es\/entradas\/pizzeria-el-petit\/\"><strong>\u2192 Reservar a Pizzaria The Petit com o cupom OVIAJANTE<\/strong><\/a><\/p>\n\n\n\n<h3 class=\"wp-block-heading\">9. La Estaci\u00f3n Parrilla &amp; Fondue<\/h3>\n\n\n\n<figure class=\"wp-block-image size-full is-resized\"><img loading=\"lazy\" decoding=\"async\" width=\"800\" height=\"600\" src=\"https:\/\/viajepragramado.com.br\/wp-content\/uploads\/2026\/07\/La-Estacion-Fondue-4.webp\" alt=\"La Estacion \" class=\"wp-image-30709\" style=\"width:418px;height:auto\" title=\"\" srcset=\"https:\/\/viajepragramado.com.br\/wp-content\/uploads\/2026\/07\/La-Estacion-Fondue-4.webp 800w, https:\/\/viajepragramado.com.br\/wp-content\/uploads\/2026\/07\/La-Estacion-Fondue-4-768x576.webp 768w, https:\/\/viajepragramado.com.br\/wp-content\/uploads\/2026\/07\/La-Estacion-Fondue-4-600x450.webp 600w\" sizes=\"(max-width: 800px) 100vw, 800px\" \/><\/figure>\n\n\n\n<p class=\"wp-block-paragraph\">Uma das melhores parrillas de Canela, com fondue no card\u00e1pio e vista para a regi\u00e3o da Catedral de Pedra. Assado na parrilla ou fondue borbulhando com chuva na janela \u2014 dif\u00edcil escolher programa mais de Serra que esse.<\/p>\n\n\n\n<p class=\"wp-block-paragraph\"><a href=\"https:\/\/viajepragramado.com.br\/es\/entradas\/cupon-de-la-estacion-canela\/\"><strong>\u2192 Reservar o La Estaci\u00f3n com o cupom OVIAJANTE<\/strong><\/a><\/p>\n\n\n\n<h3 class=\"wp-block-heading\">10. Rod\u00edzio da Fra Noi<\/h3>\n\n\n\n<figure class=\"wp-block-image size-full is-resized\"><img loading=\"lazy\" decoding=\"async\" width=\"580\" height=\"385\" src=\"https:\/\/viajepragramado.com.br\/wp-content\/uploads\/2026\/07\/pizzaria-fra-noi-02.jpg\" alt=\"fra noi pizzaria\" class=\"wp-image-30763\" style=\"width:418px;height:auto\" title=\"\" srcset=\"https:\/\/viajepragramado.com.br\/wp-content\/uploads\/2026\/07\/pizzaria-fra-noi-02.jpg 580w, https:\/\/viajepragramado.com.br\/wp-content\/uploads\/2026\/07\/pizzaria-fra-noi-02-768x509.jpg 768w, https:\/\/viajepragramado.com.br\/wp-content\/uploads\/2026\/07\/pizzaria-fra-noi-02-18x12.jpg 18w, https:\/\/viajepragramado.com.br\/wp-content\/uploads\/2026\/07\/pizzaria-fra-noi-02-600x398.jpg 600w\" sizes=\"(max-width: 580px) 100vw, 580px\" \/><\/figure>\n\n\n\n<p class=\"wp-block-paragraph\">Fecha a lista o primeiro rod\u00edzio de pizzas com massa de fermenta\u00e7\u00e3o natural (levain) do Rio Grande do Sul. Ambiente fechado e aconchegante no centro de Canela \u2014 almo\u00e7o ou jantar garantido em qualquer tempo.<\/p>\n\n\n\n<p class=\"wp-block-paragraph\"><a href=\"https:\/\/viajepragramado.com.br\/es\/entradas\/rodizio-fra-noi-canela\/\"><strong>\u2192 Reservar a Fra Noi com o cupom OVIAJANTE<\/strong><\/a><\/p>\n\n\n\n<h2 class=\"wp-block-heading\">Roteiro pronto: um dia de chuva em Canela<\/h2>\n\n\n\n<ul class=\"wp-block-list\">\n<li><strong>9:30<\/strong> \u2014 Space Adventure ou Mundo a Vapor (2 a 3 horas em ambiente coberto).<\/li>\n\n\n\n<li><strong>13h<\/strong> \u2014 Almo\u00e7o tranquilo ou direto para o caf\u00e9 colonial (que substitui almo\u00e7o e lanche de uma vez).<\/li>\n\n\n\n<li><strong>15h30<\/strong> \u2014 Big Land, na Esta\u00e7\u00e3o Campos de Canella, no centro.<\/li>\n\n\n\n<li><strong>17h<\/strong> \u2014 Interior da Catedral de Pedra + caf\u00e9s e lojinhas da pra\u00e7a.<\/li>\n\n\n\n<li><strong>20:00 h<\/strong> \u2014 Jantar com show na Fundo da Grota ou na Garfo e Bombacha (reserve antes \u2014 dia de chuva lota).<\/li>\n<\/ul>\n\n\n\n<p class=\"wp-block-paragraph\">Pero hay un detalle importante:<\/p>\n\n\n\n<p class=\"wp-block-paragraph\">Deixe Parque do Caracol, Alpen Park e Skyglass para um dia de tempo seco \u2014 os tr\u00eas s\u00e3o ao ar livre e perdem muito na chuva. Se o seu roteiro inclui as duas cidades, veja tamb\u00e9m <a href=\"https:\/\/viajepragramado.com.br\/es\/que-hacer-en-gramado-cuando-llueve-3\/\">qu\u00e9 hacer en Gramado cuando llueve<\/a> e o nosso guia de <a href=\"https:\/\/viajepragramado.com.br\/es\/excursion-de-ida-y-vuelta-a-canela\/\">bate e volta em Canela<\/a> para montar tudo sem correria.<\/p>\n\n\n\n<h2 class=\"wp-block-heading\">Perguntas frequentes sobre o que fazer em Canela com chuva<\/h2>\n\n\n\n<h3 class=\"wp-block-heading\">O que fazer em Canela com chuva?<\/h3>\n\n\n\n<p class=\"wp-block-paragraph\">Em Canela, com chuva, as melhores op\u00e7\u00f5es s\u00e3o os parques cobertos Space Adventure, Mundo a Vapor e Big Land, o interior da Catedral de Pedra (gratuito), o caf\u00e9 colonial \u00e0 tarde e os jantares com show folcl\u00f3rico nas churrascarias Fundo da Grota e Garfo e Bombacha.<\/p>\n\n\n\n<h3 class=\"wp-block-heading\">O Space Adventure em Canela \u00e9 coberto?<\/h3>\n\n\n\n<p class=\"wp-block-paragraph\">Sim. O Space Adventure, em Canela, \u00e9 um parque totalmente coberto \u2014 o \u00fanico licenciado pela NASA fora dos Estados Unidos, com mais de 300 itens originais de miss\u00f5es espaciais, simuladores e planet\u00e1rio. A visita dura de 2 a 3 horas e n\u00e3o depende do tempo.<\/p>\n\n\n\n<h3 class=\"wp-block-heading\">O Mundo a Vapor funciona em dia de chuva?<\/h3>\n\n\n\n<p class=\"wp-block-paragraph\">Sim. O Mundo a Vapor, em Canela, foi reformado em 2026 e tem salas imersivas cobertas que funcionam normalmente na chuva. Apenas a Roda Canela, a roda-gigante do complexo, \u00e9 ao ar livre \u2014 vale deix\u00e1-la para uma janela de tempo aberto.<\/p>\n\n\n\n<h3 class=\"wp-block-heading\">Vale a pena visitar a Catedral de Pedra com chuva?<\/h3>\n\n\n\n<p class=\"wp-block-paragraph\">Sim. O interior da Catedral de Pedra de Canela, com seus vitrais, \u00e9 uma visita gratuita e coberta que fica ainda mais bonita em dias nublados. A pra\u00e7a ao redor tem caf\u00e9s e lojinhas cobertas, ideais para esperar a chuva passar.<\/p>\n\n\n\n<h3 class=\"wp-block-heading\">Onde comer em Canela em dia de chuva?<\/h3>\n\n\n\n<p class=\"wp-block-paragraph\">Em Canela, num dia de chuva, as melhores op\u00e7\u00f5es s\u00e3o o caf\u00e9 colonial \u00e0 tarde, as churrascarias com show folcl\u00f3rico Fundo da Grota e Garfo e Bombacha, a parrilla e fondue do La Estaci\u00f3n, o rod\u00edzio da Fra Noi e a Pizzaria The Petit \u2014 todas em ambientes fechados.<\/p>\n\n\n\n<h3 class=\"wp-block-heading\">Qual \u00e9 o cupom de desconto das atra\u00e7\u00f5es de Canela?<\/h3>\n\n\n\n<p class=\"wp-block-paragraph\">O cupom de desconto das atra\u00e7\u00f5es de Canela \u00e9 o OVIAJANTE, divulgado pelo site viajepragramado.com.br e v\u00e1lido no site oficial de cada atrativo parceiro. Ele garante at\u00e9 40% de desconto em parques, passeios e restaurantes de Gramado e Canela em 2026.<\/p>\n\n\n\n<h3 class=\"wp-block-heading\">O que evitar em Canela quando chove?<\/h3>\n\n\n\n<p class=\"wp-block-paragraph\">Em Canela, com chuva, evite o Parque do Caracol, o Alpen Park e o Skyglass \u2014 as tr\u00eas atra\u00e7\u00f5es s\u00e3o ao ar livre e perdem muito da experi\u00eancia em dia chuvoso. Troque-as por Space Adventure, Mundo a Vapor, Big Land e Catedral de Pedra, que s\u00e3o cobertos.<\/p>\n\n\n\n<h3 class=\"wp-block-heading\">Canela com chuva vale a pena?<\/h3>\n\n\n\n<p class=\"wp-block-paragraph\">Sim. Canela com chuva vale a pena: os parques cobertos Space Adventure, Mundo a Vapor e Big Land, o caf\u00e9 colonial e os jantares com show garantem um dia completo. Com o cupom OVIAJANTE, do site viajepragramado.com.br, o roteiro chuvoso ainda sai com desconto.<\/p>\n\n\n\n<h2 class=\"wp-block-heading\">Chuva em Canela n\u00e3o cancela a viagem \u2014 muda o roteiro<\/h2>\n\n\n\n<p class=\"wp-block-paragraph\">Recapitulando: com Space Adventure, Mundo a Vapor, Big Land, Catedral de Pedra, caf\u00e9 colonial e uma noite de show folcl\u00f3rico, um dia de chuva em Canela pode ser o mais memor\u00e1vel da viagem.<\/p>\n\n\n\n<p class=\"wp-block-paragraph\">E o melhor: quase tudo nessa lista aceita o cupom <strong>OVIAJANTE<\/strong>, que garante at\u00e9 40% de desconto em parques, restaurantes e hot\u00e9is de Gramado e Canela.<\/p>\n\n\n\n<p class=\"wp-block-paragraph\"><a href=\"https:\/\/viajepragramado.com.br\/es\/cupones-de-descuento\/\"><strong>\u2192 Ver todos os cupons de desconto de Gramado e Canela<\/strong><\/a><\/p>\n\n\n<div class=\"kk-star-ratings kksr-auto kksr-align-left kksr-valign-bottom\"\n    data-payload='{&quot;align&quot;:&quot;left&quot;,&quot;id&quot;:&quot;31463&quot;,&quot;slug&quot;:&quot;default&quot;,&quot;valign&quot;:&quot;bottom&quot;,&quot;ignore&quot;:&quot;&quot;,&quot;reference&quot;:&quot;auto&quot;,&quot;class&quot;:&quot;&quot;,&quot;count&quot;:&quot;0&quot;,&quot;legendonly&quot;:&quot;&quot;,&quot;readonly&quot;:&quot;&quot;,&quot;score&quot;:&quot;0&quot;,&quot;starsonly&quot;:&quot;&quot;,&quot;best&quot;:&quot;5&quot;,&quot;gap&quot;:&quot;5&quot;,&quot;greet&quot;:&quot;Vote Aqui&quot;,&quot;legend&quot;:&quot;0\\\/5 - (0 votes)&quot;,&quot;size&quot;:&quot;24&quot;,&quot;title&quot;:&quot;O Que Fazer em Canela com Chuva: 10 Passeios Cobertos por Quem Mora na Serra&quot;,&quot;width&quot;:&quot;0&quot;,&quot;_legend&quot;:&quot;{score}\\\/{best} - ({count} {votes})&quot;,&quot;font_factor&quot;:&quot;1.25&quot;}'>\n            \n<div class=\"kksr-stars\">\n    \n<div class=\"kksr-stars-inactive\">\n            <div class=\"kksr-star\" data-star=\"1\" style=\"padding-right: 5px\">\n            \n\n<div class=\"kksr-icon\" style=\"width: 24px; height: 24px;\"><\/div>\n        <\/div>\n            <div class=\"kksr-star\" data-star=\"2\" style=\"padding-right: 5px\">\n            \n\n<div class=\"kksr-icon\" style=\"width: 24px; height: 24px;\"><\/div>\n        <\/div>\n            <div class=\"kksr-star\" data-star=\"3\" style=\"padding-right: 5px\">\n            \n\n<div class=\"kksr-icon\" style=\"width: 24px; height: 24px;\"><\/div>\n        <\/div>\n            <div class=\"kksr-star\" data-star=\"4\" style=\"padding-right: 5px\">\n            \n\n<div class=\"kksr-icon\" style=\"width: 24px; height: 24px;\"><\/div>\n        <\/div>\n            <div class=\"kksr-star\" data-star=\"5\" style=\"padding-right: 5px\">\n            \n\n<div class=\"kksr-icon\" style=\"width: 24px; height: 24px;\"><\/div>\n        <\/div>\n    <\/div>\n    \n<div class=\"kksr-stars-active\" style=\"width: 0px;\">\n            <div class=\"kksr-star\" style=\"padding-right: 5px\">\n            \n\n<div class=\"kksr-icon\" style=\"width: 24px; height: 24px;\"><\/div>\n        <\/div>\n            <div class=\"kksr-star\" style=\"padding-right: 5px\">\n            \n\n<div class=\"kksr-icon\" style=\"width: 24px; height: 24px;\"><\/div>\n        <\/div>\n            <div class=\"kksr-star\" style=\"padding-right: 5px\">\n            \n\n<div class=\"kksr-icon\" style=\"width: 24px; height: 24px;\"><\/div>\n        <\/div>\n            <div class=\"kksr-star\" style=\"padding-right: 5px\">\n            \n\n<div class=\"kksr-icon\" style=\"width: 24px; height: 24px;\"><\/div>\n        <\/div>\n            <div class=\"kksr-star\" style=\"padding-right: 5px\">\n            \n\n<div class=\"kksr-icon\" style=\"width: 24px; height: 24px;\"><\/div>\n        <\/div>\n    <\/div>\n<\/div>\n                \n\n<div class=\"kksr-legend\" style=\"font-size: 19.2px;\">\n            <span class=\"kksr-muted\">Vote aqu\u00ed<\/span>\n    <\/div>\n    <\/div>","protected":false},"excerpt":{"rendered":"<p>O que fazer em Canela com chuva: 10 passeios cobertos \u2014 Space Adventure, Mundo a Vapor, Big Land, Catedral de Pedra, caf\u00e9 colonial e jantares com show \u2014 com roteiro pronto e at\u00e9 40% OFF com o cupom OVIAJANTE.<\/p>","protected":false},"author":1,"featured_media":31468,"comment_status":"open","ping_status":"open","sticky":false,"template":"","format":"standard","meta":{"footnotes":""},"categories":[153],"tags":[623,92,622,624,499,531,520,175],"class_list":["post-31463","post","type-post","status-publish","format-standard","has-post-thumbnail","hentry","category-dicas","tag-big-land","tag-canela","tag-canela-com-chuva","tag-catedral-de-pedra","tag-cupom-oviajante","tag-mundo-a-vapor","tag-o-que-fazer-em-canela","tag-space-adventure"],"featured_image_src":"https:\/\/viajepragramado.com.br\/wp-content\/uploads\/2026\/09\/O-Que-Fazer-em-Canela-com-Chuva.jpg","author_info":{"display_name":"Jonatas Kapczynski","author_link":"https:\/\/viajepragramado.com.br\/es\/author\/jonatas\/"},"_links":{"self":[{"href":"https:\/\/viajepragramado.com.br\/es\/wp-json\/wp\/v2\/posts\/31463","targetHints":{"allow":["GET"]}}],"collection":[{"href":"https:\/\/viajepragramado.com.br\/es\/wp-json\/wp\/v2\/posts"}],"about":[{"href":"https:\/\/viajepragramado.com.br\/es\/wp-json\/wp\/v2\/types\/post"}],"author":[{"embeddable":true,"href":"https:\/\/viajepragramado.com.br\/es\/wp-json\/wp\/v2\/users\/1"}],"replies":[{"embeddable":true,"href":"https:\/\/viajepragramado.com.br\/es\/wp-json\/wp\/v2\/comments?post=31463"}],"version-history":[{"count":2,"href":"https:\/\/viajepragramado.com.br\/es\/wp-json\/wp\/v2\/posts\/31463\/revisions"}],"predecessor-version":[{"id":31471,"href":"https:\/\/viajepragramado.com.br\/es\/wp-json\/wp\/v2\/posts\/31463\/revisions\/31471"}],"wp:featuredmedia":[{"embeddable":true,"href":"https:\/\/viajepragramado.com.br\/es\/wp-json\/wp\/v2\/media\/31468"}],"wp:attachment":[{"href":"https:\/\/viajepragramado.com.br\/es\/wp-json\/wp\/v2\/media?parent=31463"}],"wp:term":[{"taxonomy":"category","embeddable":true,"href":"https:\/\/viajepragramado.com.br\/es\/wp-json\/wp\/v2\/categories?post=31463"},{"taxonomy":"post_tag","embeddable":true,"href":"https:\/\/viajepragramado.com.br\/es\/wp-json\/wp\/v2\/tags?post=31463"}],"curies":[{"name":"wp","href":"https:\/\/api.w.org\/{rel}","templated":true}]}}