{"id":31465,"date":"2026-09-02T06:00:00","date_gmt":"2026-09-02T09:00:00","guid":{"rendered":"https:\/\/viajepragramado.com.br\/"},"modified":"2026-08-30T15:49:44","modified_gmt":"2026-08-30T18:49:44","slug":"o-que-fazer-em-canela","status":"publish","type":"post","link":"https:\/\/viajepragramado.com.br\/es\/o-que-fazer-em-canela\/","title":{"rendered":"O Que Fazer em Canela: 15 Atra\u00e7\u00f5es Imperd\u00edveis por Quem Mora na Serra (2026)"},"content":{"rendered":"<p class=\"wp-block-paragraph\">Quer saber o que fazer em Canela e montar um roteiro que vale cada minuto? Voc\u00ea chegou ao lugar certo.<\/p>\n\n\n\n<p class=\"wp-block-paragraph\">Canela \u00e9 a vizinha de Gramado que muita gente deixa &#8220;para umas horinhas&#8221; \u2014 e se arrepende. A cidade tem cachoeira de 131 metros, a plataforma de vidro mais alta do mundo sobre um vale, o \u00fanico parque licenciado pela NASA fora dos EUA e as noites ga\u00fachas mais tradicionais da Serra.<\/p>\n\n\n\n<p class=\"wp-block-paragraph\">Eu moro na Serra Ga\u00facha e recebo viajantes o ano inteiro. Neste guia voc\u00ea encontra o que fazer em Canela de verdade: as 15 melhores atra\u00e7\u00f5es, o que \u00e9 de gra\u00e7a, onde comer, roteiros prontos de 1 e 2 dias e como economizar com o cupom OVIAJANTE.<\/p>\n\n\n\n<h2 class=\"wp-block-heading\">Lo esencial en 30 segundos<\/h2>\n\n\n\n<ul class=\"wp-block-list\">\n<li><strong>Imperd\u00edveis:<\/strong> Parque do Caracol, Catedral de Pedra, Bondinhos A\u00e9reos e Alpen Park.<\/li>\n\n\n\n<li><strong>Para fam\u00edlias:<\/strong> Terra M\u00e1gica Florybal, Mundo a Vapor, Space Adventure e Big Land.<\/li>\n\n\n\n<li><strong>De gra\u00e7a:<\/strong> interior da Catedral de Pedra, centrinho e Pra\u00e7a Jo\u00e3o Corr\u00eaa.<\/li>\n\n\n\n<li><strong>\u00c0 noite:<\/strong> jantar com show folcl\u00f3rico na Fundo da Grota ou na Garfo e Bombacha.<\/li>\n\n\n\n<li><strong>Quantos dias:<\/strong> 1 dia d\u00e1 para o essencial; 2 dias fazem Canela render de verdade.<\/li>\n\n\n\n<li><strong>Econom\u00eda:<\/strong> el cup\u00f3n <strong>OVIAJANTE<\/strong> garante at\u00e9 40% de desconto nas atra\u00e7\u00f5es e restaurantes parceiros.<\/li>\n<\/ul>\n\n\n\n<h2 class=\"wp-block-heading\">Os cl\u00e1ssicos de Canela que voc\u00ea n\u00e3o pode perder<\/h2>\n\n\n\n<h3 class=\"wp-block-heading\">1. Parque do Caracol<\/h3>\n\n\n\n<figure class=\"wp-block-image size-full is-resized\"><img fetchpriority=\"high\" decoding=\"async\" width=\"800\" height=\"534\" src=\"https:\/\/viajepragramado.com.br\/wp-content\/uploads\/2025\/06\/Cupom-Parque-do-Caracol-2.png\" alt=\"Cup\u00f3n Parque Caracol\" class=\"wp-image-28921\" style=\"aspect-ratio:1.4981711777615216;object-fit:cover;width:400px;height:auto\" title=\"\" srcset=\"https:\/\/viajepragramado.com.br\/wp-content\/uploads\/2025\/06\/Cupom-Parque-do-Caracol-2.png 800w, https:\/\/viajepragramado.com.br\/wp-content\/uploads\/2025\/06\/Cupom-Parque-do-Caracol-2-768x512.png 768w, https:\/\/viajepragramado.com.br\/wp-content\/uploads\/2025\/06\/Cupom-Parque-do-Caracol-2-18x12.png 18w, https:\/\/viajepragramado.com.br\/wp-content\/uploads\/2025\/06\/Cupom-Parque-do-Caracol-2-600x400.png 600w\" sizes=\"(max-width: 800px) 100vw, 800px\" \/><\/figure>\n\n\n\n<p class=\"wp-block-paragraph\">O cart\u00e3o-postal natural da Serra: a Cascata do Caracol despenca 131 metros em queda livre no meio da mata. O parque foi revitalizado e hoje soma mirantes, o Salto do P\u00eandulo para os corajosos, a Escada da Perna Bamba, o Parquinho Serelepe e o Recanto das Borboletas.<\/p>\n\n\n\n<p class=\"wp-block-paragraph\">Anota essa dica: chegue na abertura para evitar excurs\u00f5es e pegar a melhor luz para fotos. A visita completa leva de 2 a 3 horas. Fizemos um <a href=\"https:\/\/viajepragramado.com.br\/es\/parque-del-caracol-en-canela-2026\/\">guia completo do Parque do Caracol<\/a> com tudo em detalhe.<\/p>\n\n\n\n<p class=\"wp-block-paragraph\"><a href=\"https:\/\/viajepragramado.com.br\/es\/entradas\/parque-de-caracoles\/\"><strong>\u2192 Ingresso do Parque do Caracol com o cupom OVIAJANTE<\/strong><\/a><\/p>\n\n\n\n<h3 class=\"wp-block-heading\">2. Catedral de Pedra<\/h3>\n\n\n\n<figure class=\"wp-block-image size-full is-resized\"><img decoding=\"async\" width=\"1250\" height=\"750\" src=\"https:\/\/viajepragramado.com.br\/wp-content\/uploads\/2026\/09\/catedral-de-pedra.jpg\" alt=\"catedral de pedra\" class=\"wp-image-31470\" style=\"width:400px;height:auto\" title=\"\" srcset=\"https:\/\/viajepragramado.com.br\/wp-content\/uploads\/2026\/09\/catedral-de-pedra.jpg 1250w, https:\/\/viajepragramado.com.br\/wp-content\/uploads\/2026\/09\/catedral-de-pedra-768x460.jpg 768w, https:\/\/viajepragramado.com.br\/wp-content\/uploads\/2026\/09\/catedral-de-pedra-18x12.jpg 18w, https:\/\/viajepragramado.com.br\/wp-content\/uploads\/2026\/09\/catedral-de-pedra-600x360.jpg 600w\" sizes=\"(max-width: 1250px) 100vw, 1250px\" \/><\/figure>\n\n\n\n<p class=\"wp-block-paragraph\">A Catedral de Nossa Senhora de Lourdes, em estilo g\u00f3tico ingl\u00eas, \u00e9 o s\u00edmbolo de Canela \u2014 e a visita ao interior, com seus vitrais, \u00e9 gratuita. \u00c0 noite, iluminada, rende as fotos mais bonitas do centro. Nos hor\u00e1rios certos, o carrilh\u00e3o de sinos completa a cena.<\/p>\n\n\n\n<h3 class=\"wp-block-heading\">3. Bondinhos A\u00e9reos Parques da Serra<\/h3>\n\n\n\n<figure class=\"wp-block-image size-full is-resized\"><img decoding=\"async\" width=\"1360\" height=\"764\" src=\"https:\/\/viajepragramado.com.br\/wp-content\/uploads\/2024\/07\/Cupom-Bondinhos-Canela-01.webp\" alt=\"Cup\u00f3n Bondinhos Canela\" class=\"wp-image-27833\" style=\"width:400px;height:auto\" title=\"\" srcset=\"https:\/\/viajepragramado.com.br\/wp-content\/uploads\/2024\/07\/Cupom-Bondinhos-Canela-01.webp 1360w, https:\/\/viajepragramado.com.br\/wp-content\/uploads\/2024\/07\/Cupom-Bondinhos-Canela-01-768x431.webp 768w, https:\/\/viajepragramado.com.br\/wp-content\/uploads\/2024\/07\/Cupom-Bondinhos-Canela-01-600x337.webp 600w\" sizes=\"(max-width: 1360px) 100vw, 1360px\" \/><\/figure>\n\n\n\n<p class=\"wp-block-paragraph\">Quer ver a Cascata do Caracol de um \u00e2ngulo que quase ningu\u00e9m v\u00ea? O passeio de telef\u00e9rico percorre cerca de 840 metros entre tr\u00eas esta\u00e7\u00f5es, com vista frontal para a queda d&#8217;\u00e1gua. \u00c9 o complemento perfeito do Parque do Caracol \u2014 muita gente faz os dois no mesmo turno.<\/p>\n\n\n\n<p class=\"wp-block-paragraph\"><a href=\"https:\/\/viajepragramado.com.br\/es\/entradas\/telefericos\/\"><strong>\u2192 Ingresso dos Bondinhos com o cupom OVIAJANTE<\/strong><\/a><\/p>\n\n\n\n<h3 class=\"wp-block-heading\">4. Skyglass Canela<\/h3>\n\n\n\n<figure class=\"wp-block-image size-full is-resized\"><img loading=\"lazy\" decoding=\"async\" width=\"1000\" height=\"749\" src=\"https:\/\/viajepragramado.com.br\/wp-content\/uploads\/2026\/08\/transporte-skyglass-canela.webp\" alt=\"Transporte privativo para o Skyglass Canela \u2014 plataforma de vidro sobre o vale\" class=\"wp-image-31120\" style=\"width:400px;height:auto\" title=\"\" srcset=\"https:\/\/viajepragramado.com.br\/wp-content\/uploads\/2026\/08\/transporte-skyglass-canela.webp 1000w, https:\/\/viajepragramado.com.br\/wp-content\/uploads\/2026\/08\/transporte-skyglass-canela-768x575.webp 768w, https:\/\/viajepragramado.com.br\/wp-content\/uploads\/2026\/08\/transporte-skyglass-canela-18x12.webp 18w, https:\/\/viajepragramado.com.br\/wp-content\/uploads\/2026\/08\/transporte-skyglass-canela-600x449.webp 600w\" sizes=\"(max-width: 1000px) 100vw, 1000px\" \/><\/figure>\n\n\n\n<p class=\"wp-block-paragraph\">Uma plataforma de a\u00e7o e vidro que avan\u00e7a 35 metros sobre o Vale da Ferradura, suspensa a 360 metros de altura sobre o Rio Ca\u00ed. \u00c9 a experi\u00eancia mais impressionante da regi\u00e3o para quem n\u00e3o tem medo de altura.<\/p>\n\n\n\n<p class=\"wp-block-paragraph\">Transpar\u00eancia de morador: o Skyglass n\u00e3o participa do cupom OVIAJANTE \u2014 a compra \u00e9 feita direto com a atra\u00e7\u00e3o. Veja os detalhes na nossa <a href=\"https:\/\/viajepragramado.com.br\/es\/entradas\/skyglass\/\">p\u00e1gina do Skyglass Canela<\/a>.<\/p>\n\n\n\n<h3 class=\"wp-block-heading\">5. Alpen Park<\/h3>\n\n\n\n<figure class=\"wp-block-image size-full is-resized\"><img loading=\"lazy\" decoding=\"async\" width=\"1280\" height=\"750\" src=\"https:\/\/viajepragramado.com.br\/wp-content\/uploads\/2026\/03\/Cupom-Alpen-Park.jpg\" alt=\"Cup\u00f3n Alpen Park\" class=\"wp-image-29742\" style=\"width:400px;height:auto\" title=\"\" srcset=\"https:\/\/viajepragramado.com.br\/wp-content\/uploads\/2026\/03\/Cupom-Alpen-Park.jpg 1280w, https:\/\/viajepragramado.com.br\/wp-content\/uploads\/2026\/03\/Cupom-Alpen-Park-768x449.jpg 768w, https:\/\/viajepragramado.com.br\/wp-content\/uploads\/2026\/03\/Cupom-Alpen-Park-18x12.jpg 18w, https:\/\/viajepragramado.com.br\/wp-content\/uploads\/2026\/03\/Cupom-Alpen-Park-600x351.jpg 600w\" sizes=\"(max-width: 1280px) 100vw, 1280px\" \/><\/figure>\n\n\n\n<p class=\"wp-block-paragraph\">Aventura em meio \u00e0 natureza: tren\u00f3 alpino, montanha-russa, torre de queda livre \u2014 e, em 2026, o novo Tren\u00f3 de Montanha, \u00fanico da Am\u00e9rica Latina. \u00c9 o parque para quem quer adrenalina de verdade em Canela. Contamos se vale a pena no nosso <a href=\"https:\/\/viajepragramado.com.br\/es\/alpen-park-vale-a-pena\/\">review completo do Alpen Park<\/a>.<\/p>\n\n\n\n<p class=\"wp-block-paragraph\"><a href=\"https:\/\/viajepragramado.com.br\/es\/entradas\/parque-alpen\/\"><strong>\u2192 Ingresso do Alpen Park com o cupom OVIAJANTE<\/strong><\/a><\/p>\n\n\n\n<h2 class=\"wp-block-heading\">Parques tem\u00e1ticos em Canela para toda a fam\u00edlia<\/h2>\n\n\n\n<h3 class=\"wp-block-heading\">6. Terra M\u00e1gica Florybal<\/h3>\n\n\n\n<figure class=\"wp-block-image size-full is-resized\"><img loading=\"lazy\" decoding=\"async\" width=\"1250\" height=\"750\" src=\"https:\/\/viajepragramado.com.br\/wp-content\/uploads\/2026\/07\/Parque-Florybal-Vale-a-Pena.jpg\" alt=\"El parque Florybal merece la pena\" class=\"wp-image-30641\" style=\"width:400px;height:auto\" title=\"\" srcset=\"https:\/\/viajepragramado.com.br\/wp-content\/uploads\/2026\/07\/Parque-Florybal-Vale-a-Pena.jpg 1250w, https:\/\/viajepragramado.com.br\/wp-content\/uploads\/2026\/07\/Parque-Florybal-Vale-a-Pena-768x460.jpg 768w, https:\/\/viajepragramado.com.br\/wp-content\/uploads\/2026\/07\/Parque-Florybal-Vale-a-Pena-18x12.jpg 18w, https:\/\/viajepragramado.com.br\/wp-content\/uploads\/2026\/07\/Parque-Florybal-Vale-a-Pena-600x360.jpg 600w\" sizes=\"(max-width: 1250px) 100vw, 1250px\" \/><\/figure>\n\n\n\n<p class=\"wp-block-paragraph\">Um dos parques tem\u00e1ticos mais premiados do Brasil: mais de 40 atra\u00e7\u00f5es e 1.000 esculturas em tamanho real em 67 mil m\u00b2 de mata nativa \u2014 dinossauros animatr\u00f4nicos, personagens encantados e at\u00e9 cascata de chocolate. As crian\u00e7as saem de l\u00e1 planejando a volta.<\/p>\n\n\n\n<p class=\"wp-block-paragraph\"><a href=\"https:\/\/viajepragramado.com.br\/es\/entradas\/parque-florybal\/\"><strong>\u2192 Ingresso da Terra M\u00e1gica Florybal com o cupom OVIAJANTE<\/strong><\/a><\/p>\n\n\n\n<h3 class=\"wp-block-heading\">7. Mundo a Vapor e Roda Canela<\/h3>\n\n\n\n<figure class=\"wp-block-image size-full is-resized\"><img loading=\"lazy\" decoding=\"async\" width=\"1280\" height=\"750\" src=\"https:\/\/viajepragramado.com.br\/wp-content\/uploads\/2026\/04\/cupom-Mundo-a-Vapor-1.jpg\" alt=\"cup\u00f3n Mundo a Vapor\" class=\"wp-image-30128\" style=\"width:400px;height:auto\" title=\"\" srcset=\"https:\/\/viajepragramado.com.br\/wp-content\/uploads\/2026\/04\/cupom-Mundo-a-Vapor-1.jpg 1280w, https:\/\/viajepragramado.com.br\/wp-content\/uploads\/2026\/04\/cupom-Mundo-a-Vapor-1-768x449.jpg 768w, https:\/\/viajepragramado.com.br\/wp-content\/uploads\/2026\/04\/cupom-Mundo-a-Vapor-1-18x12.jpg 18w, https:\/\/viajepragramado.com.br\/wp-content\/uploads\/2026\/04\/cupom-Mundo-a-Vapor-1-600x351.jpg 600w\" sizes=\"(max-width: 1280px) 100vw, 1280px\" \/><\/figure>\n\n\n\n<p class=\"wp-block-paragraph\">Depois da maior reforma da sua hist\u00f3ria (R$ 60 milh\u00f5es), o Mundo a Vapor virou experi\u00eancia imersiva \u2014 e a ic\u00f4nica fachada do trem atravessando a parede continua l\u00e1. No mesmo complexo, a Roda Canela oferece uma das melhores vistas panor\u00e2micas da cidade.<\/p>\n\n\n\n<p class=\"wp-block-paragraph\"><a href=\"https:\/\/viajepragramado.com.br\/es\/entradas\/el-mundo-del-vapor\/\"><strong>\u2192 Ingresso do Mundo a Vapor com o cupom OVIAJANTE<\/strong><\/a><\/p>\n\n\n\n<h3 class=\"wp-block-heading\">8. Space Adventure<\/h3>\n\n\n\n<figure class=\"wp-block-image size-full is-resized\"><img loading=\"lazy\" decoding=\"async\" width=\"1280\" height=\"720\" src=\"https:\/\/viajepragramado.com.br\/wp-content\/uploads\/2023\/08\/04.jpg\" alt=\"Aventura espacial\" class=\"wp-image-19351\" style=\"width:400px;height:auto\" title=\"\" srcset=\"https:\/\/viajepragramado.com.br\/wp-content\/uploads\/2023\/08\/04.jpg 1280w, https:\/\/viajepragramado.com.br\/wp-content\/uploads\/2023\/08\/04-768x432.jpg 768w, https:\/\/viajepragramado.com.br\/wp-content\/uploads\/2023\/08\/04-600x337.jpg 600w\" sizes=\"(max-width: 1280px) 100vw, 1280px\" \/><\/figure>\n\n\n\n<p class=\"wp-block-paragraph\">O \u00fanico parque tem\u00e1tico licenciado pela NASA fora dos Estados Unidos fica em Canela: mais de 300 itens originais de miss\u00f5es espaciais, simuladores e planet\u00e1rio. Totalmente coberto \u2014 funciona em qualquer clima.<\/p>\n\n\n\n<p class=\"wp-block-paragraph\"><a href=\"https:\/\/viajepragramado.com.br\/es\/entradas\/aventura-espacial\/\"><strong>\u2192 Ingresso do Space Adventure com o cupom OVIAJANTE<\/strong><\/a><\/p>\n\n\n\n<h3 class=\"wp-block-heading\">9. Big Land<\/h3>\n\n\n\n<figure class=\"wp-block-image size-full is-resized\"><img loading=\"lazy\" decoding=\"async\" width=\"2050\" height=\"1360\" src=\"https:\/\/viajepragramado.com.br\/wp-content\/uploads\/2025\/01\/Cupom-Big-Land.jpg\" alt=\"Cup\u00f3n Big Land\" class=\"wp-image-28785\" style=\"width:400px;height:auto\" title=\"\" srcset=\"https:\/\/viajepragramado.com.br\/wp-content\/uploads\/2025\/01\/Cupom-Big-Land.jpg 2050w, https:\/\/viajepragramado.com.br\/wp-content\/uploads\/2025\/01\/Cupom-Big-Land-768x509.jpg 768w, https:\/\/viajepragramado.com.br\/wp-content\/uploads\/2025\/01\/Cupom-Big-Land-18x12.jpg 18w, https:\/\/viajepragramado.com.br\/wp-content\/uploads\/2025\/01\/Cupom-Big-Land-600x398.jpg 600w\" sizes=\"(max-width: 2050px) 100vw, 2050px\" \/><\/figure>\n\n\n\n<p class=\"wp-block-paragraph\">O primeiro parque tem\u00e1tico do mundo dedicado ao gigantismo, dentro da Esta\u00e7\u00e3o Campos de Canella, no centro. Objetos gigantes, cen\u00e1rios dignos de cinema e as fotos mais divertidas da viagem \u2014 tudo coberto e a p\u00e9 do centrinho.<\/p>\n\n\n\n<p class=\"wp-block-paragraph\"><a href=\"https:\/\/viajepragramado.com.br\/es\/entradas\/tierra-grande\/\"><strong>\u2192 Ingresso do Big Land com o cupom OVIAJANTE<\/strong><\/a><\/p>\n\n\n\n<h2 class=\"wp-block-heading\">O que fazer em Canela de gra\u00e7a<\/h2>\n\n\n\n<h3 class=\"wp-block-heading\">10. Centrinho de Canela e Pra\u00e7a Jo\u00e3o Corr\u00eaa<\/h3>\n\n\n\n<p class=\"wp-block-paragraph\">Aqui vai a parte que muita gente pula \u2014 e n\u00e3o deveria:<\/p>\n\n\n\n<p class=\"wp-block-paragraph\">O centrinho de Canela \u00e9 um passeio por si s\u00f3, e n\u00e3o custa nada. A Pra\u00e7a Jo\u00e3o Corr\u00eaa com o p\u00f3rtico da Catedral ao fundo, as lojinhas de malhas e chocolates, os caf\u00e9s e a Esta\u00e7\u00e3o Campos de Canella formam uma tarde inteira de caminhada gostosa. Some o interior gratuito da Catedral de Pedra e voc\u00ea tem meio dia de Canela sem gastar com ingresso.<\/p>\n\n\n\n<h2 class=\"wp-block-heading\">Onde comer em Canela: da noite ga\u00facha \u00e0 parrilla<\/h2>\n\n\n\n<h3 class=\"wp-block-heading\">11. Churrascaria Fundo da Grota<\/h3>\n\n\n\n<figure class=\"wp-block-image size-full is-resized\"><img loading=\"lazy\" decoding=\"async\" width=\"800\" height=\"434\" src=\"https:\/\/viajepragramado.com.br\/wp-content\/uploads\/2024\/08\/Fundo-da-Grota.-1.jpg\" alt=\"Cup\u00f3n Fundo da Grota\" class=\"wp-image-22500\" style=\"width:400px;height:auto\" title=\"\" srcset=\"https:\/\/viajepragramado.com.br\/wp-content\/uploads\/2024\/08\/Fundo-da-Grota.-1.jpg 800w, https:\/\/viajepragramado.com.br\/wp-content\/uploads\/2024\/08\/Fundo-da-Grota.-1-768x416.jpg 768w, https:\/\/viajepragramado.com.br\/wp-content\/uploads\/2024\/08\/Fundo-da-Grota.-1-600x325.jpg 600w\" sizes=\"(max-width: 800px) 100vw, 800px\" \/><\/figure>\n\n\n\n<p class=\"wp-block-paragraph\">Galp\u00e3o t\u00edpico, churrasco ga\u00facho leg\u00edtimo e show folcl\u00f3rico que emociona. \u00c9 a experi\u00eancia mais raiz da Serra \u2014 reserve, porque lota o ano inteiro.<\/p>\n\n\n\n<p class=\"wp-block-paragraph\"><a href=\"https:\/\/viajepragramado.com.br\/es\/entradas\/churrascaria-fundo-da-grota\/\"><strong>\u2192 Reservar a Fundo da Grota com o cupom OVIAJANTE<\/strong><\/a><\/p>\n\n\n\n<h3 class=\"wp-block-heading\">12. Churrascaria Garfo e Bombacha<\/h3>\n\n\n\n<figure class=\"wp-block-image size-full is-resized\"><img loading=\"lazy\" decoding=\"async\" width=\"1360\" height=\"906\" src=\"https:\/\/viajepragramado.com.br\/wp-content\/uploads\/2022\/07\/Cupom-Garfo-e-Bombacha-01.webp\" alt=\"Cup\u00f3n Garfo e Bombacha\" class=\"wp-image-29001\" style=\"width:400px;height:auto\" title=\"\" srcset=\"https:\/\/viajepragramado.com.br\/wp-content\/uploads\/2022\/07\/Cupom-Garfo-e-Bombacha-01.webp 1360w, https:\/\/viajepragramado.com.br\/wp-content\/uploads\/2022\/07\/Cupom-Garfo-e-Bombacha-01-768x511.webp 768w, https:\/\/viajepragramado.com.br\/wp-content\/uploads\/2022\/07\/Cupom-Garfo-e-Bombacha-01-18x12.webp 18w, https:\/\/viajepragramado.com.br\/wp-content\/uploads\/2022\/07\/Cupom-Garfo-e-Bombacha-01-600x399.webp 600w\" sizes=\"(max-width: 1360px) 100vw, 1360px\" \/><\/figure>\n\n\n\n<p class=\"wp-block-paragraph\">A Noite Ga\u00facha mais tradicional da regi\u00e3o: rod\u00edzio de churrasco com espet\u00e1culo de dan\u00e7as folcl\u00f3ricas. Programa perfeito para fechar o dia em fam\u00edlia.<\/p>\n\n\n\n<p class=\"wp-block-paragraph\"><a href=\"https:\/\/viajepragramado.com.br\/es\/entradas\/churrascaria-garfo-e-bombacha\/\"><strong>\u2192 Reservar a Garfo e Bombacha com o cupom OVIAJANTE<\/strong><\/a><\/p>\n\n\n\n<h3 class=\"wp-block-heading\">13. La Estaci\u00f3n Parrilla &amp; Fondue<\/h3>\n\n\n\n<figure class=\"wp-block-image size-full is-resized\"><img loading=\"lazy\" decoding=\"async\" width=\"800\" height=\"600\" src=\"https:\/\/viajepragramado.com.br\/wp-content\/uploads\/2026\/07\/La-Estacion-Fondue-2.webp\" alt=\"La Estacion Fondue\" class=\"wp-image-30707\" style=\"width:400px;height:auto\" title=\"\" srcset=\"https:\/\/viajepragramado.com.br\/wp-content\/uploads\/2026\/07\/La-Estacion-Fondue-2.webp 800w, https:\/\/viajepragramado.com.br\/wp-content\/uploads\/2026\/07\/La-Estacion-Fondue-2-768x576.webp 768w, https:\/\/viajepragramado.com.br\/wp-content\/uploads\/2026\/07\/La-Estacion-Fondue-2-600x450.webp 600w\" sizes=\"(max-width: 800px) 100vw, 800px\" \/><\/figure>\n\n\n\n<p class=\"wp-block-paragraph\">Uma das melhores parrillas de Canela, com sequ\u00eancia de fondue no card\u00e1pio e vista para a regi\u00e3o da Catedral. Para o jantar a dois, \u00e9 a escolha da casa.<\/p>\n\n\n\n<p class=\"wp-block-paragraph\"><a href=\"https:\/\/viajepragramado.com.br\/es\/entradas\/cupon-de-la-estacion-canela\/\"><strong>\u2192 Reservar o La Estaci\u00f3n com o cupom OVIAJANTE<\/strong><\/a><\/p>\n\n\n\n<h3 class=\"wp-block-heading\">14. Rod\u00edzio da Fra Noi<\/h3>\n\n\n\n<figure class=\"wp-block-image size-full is-resized\"><img loading=\"lazy\" decoding=\"async\" width=\"580\" height=\"385\" src=\"https:\/\/viajepragramado.com.br\/wp-content\/uploads\/2026\/07\/pizzaria-fra-noi-01.jpg\" alt=\"Pizzer\u00eda Fra Noi\" class=\"wp-image-30762\" style=\"width:400px;height:auto\" title=\"\" srcset=\"https:\/\/viajepragramado.com.br\/wp-content\/uploads\/2026\/07\/pizzaria-fra-noi-01.jpg 580w, https:\/\/viajepragramado.com.br\/wp-content\/uploads\/2026\/07\/pizzaria-fra-noi-01-768x509.jpg 768w, https:\/\/viajepragramado.com.br\/wp-content\/uploads\/2026\/07\/pizzaria-fra-noi-01-18x12.jpg 18w, https:\/\/viajepragramado.com.br\/wp-content\/uploads\/2026\/07\/pizzaria-fra-noi-01-600x398.jpg 600w\" sizes=\"(max-width: 580px) 100vw, 580px\" \/><\/figure>\n\n\n\n<p class=\"wp-block-paragraph\">O primeiro rod\u00edzio de pizzas com massa de fermenta\u00e7\u00e3o natural (levain) do Rio Grande do Sul, no centro de Canela. Leve, saboroso e diferente de tudo que voc\u00ea j\u00e1 comeu em rod\u00edzio.<\/p>\n\n\n\n<p class=\"wp-block-paragraph\"><a href=\"https:\/\/viajepragramado.com.br\/es\/entradas\/rodizio-fra-noi-canela\/\"><strong>\u2192 Reservar a Fra Noi com o cupom OVIAJANTE<\/strong><\/a><\/p>\n\n\n\n<h3 class=\"wp-block-heading\">15. Gramado Caf\u00e9 Colonial<\/h3>\n\n\n\n<figure class=\"wp-block-image size-full is-resized\"><img loading=\"lazy\" decoding=\"async\" width=\"1600\" height=\"900\" src=\"https:\/\/viajepragramado.com.br\/wp-content\/uploads\/2026\/01\/Cupom-Gramado-Cafe-Colonial1.webp\" alt=\"Gramado Caf\u00e9 Colonial\" class=\"wp-image-29575\" style=\"width:400px;height:auto\" title=\"\" srcset=\"https:\/\/viajepragramado.com.br\/wp-content\/uploads\/2026\/01\/Cupom-Gramado-Cafe-Colonial1.webp 1600w, https:\/\/viajepragramado.com.br\/wp-content\/uploads\/2026\/01\/Cupom-Gramado-Cafe-Colonial1-768x432.webp 768w, https:\/\/viajepragramado.com.br\/wp-content\/uploads\/2026\/01\/Cupom-Gramado-Cafe-Colonial1-600x337.webp 600w\" sizes=\"(max-width: 1600px) 100vw, 1600px\" \/><\/figure>\n\n\n\n<p class=\"wp-block-paragraph\">No corredor que liga Gramado a Canela, o caf\u00e9 colonial mais tradicional da regi\u00e3o serve dezenas de del\u00edcias alem\u00e3s e italianas \u00e0 mesa, \u00e0 vontade. Com o cupom OVIAJANTE, a reserva sai com 10% de desconto.<\/p>\n\n\n\n<p class=\"wp-block-paragraph\"><a href=\"https:\/\/viajepragramado.com.br\/es\/entradas\/gramado-cafe-colonial\/\"><strong>\u2192 Reservar o Gramado Caf\u00e9 Colonial com 10% OFF<\/strong><\/a><\/p>\n\n\n\n<h2 class=\"wp-block-heading\">Roteiros prontos: 1 ou 2 dias em Canela<\/h2>\n\n\n\n<h3 class=\"wp-block-heading\">Roteiro de 1 dia (o essencial)<\/h3>\n\n\n\n<ul class=\"wp-block-list\">\n<li><strong>9h<\/strong> \u2014 Parque do Caracol na abertura (2 a 3 horas).<\/li>\n\n\n\n<li><strong>12h<\/strong> \u2014 Bondinhos A\u00e9reos, ali do lado.<\/li>\n\n\n\n<li><strong>13h30<\/strong> \u2014 Almo\u00e7o no centro ou caf\u00e9 colonial no caminho.<\/li>\n\n\n\n<li><strong>15h30<\/strong> \u2014 Centrinho: Catedral de Pedra, Pra\u00e7a Jo\u00e3o Corr\u00eaa e Esta\u00e7\u00e3o Campos de Canella (com Big Land para quem viaja com crian\u00e7as).<\/li>\n\n\n\n<li><strong>20:00 h<\/strong> \u2014 Jantar com show na Fundo da Grota ou na Garfo e Bombacha.<\/li>\n<\/ul>\n\n\n\n<h3 class=\"wp-block-heading\">Roteiro de 2 dias (Canela de verdade)<\/h3>\n\n\n\n<p class=\"wp-block-paragraph\">No segundo dia, escolha seu perfil: <strong>aventura<\/strong> (Alpen Park de manh\u00e3 + Skyglass \u00e0 tarde), <strong>fam\u00edlia<\/strong> (Terra M\u00e1gica Florybal + Mundo a Vapor com a Roda Canela) ou <strong>ci\u00eancia<\/strong> (Space Adventure com calma + tarde livre no centro). Feche com parrilla no La Estaci\u00f3n.<\/p>\n\n\n\n<p class=\"wp-block-paragraph\">Pero hay un detalle importante:<\/p>\n\n\n\n<p class=\"wp-block-paragraph\">Se o seu tempo \u00e9 s\u00f3 um bate-volta a partir de Gramado, a regra \u00e9 n\u00e3o tentar ver tudo \u2014 explicamos como escolher no nosso guia de <a href=\"https:\/\/viajepragramado.com.br\/es\/excursion-de-ida-y-vuelta-a-canela\/\">bate e volta em Canela<\/a>. E se o tempo virar, temos o roteiro completo de <a href=\"https:\/\/viajepragramado.com.br\/es\/o-que-fazer-em-canela-com-chuva\/\">o que fazer em Canela com chuva<\/a> \u2014 os parques cobertos salvam o dia.<\/p>\n\n\n\n<h2 class=\"wp-block-heading\">Perguntas frequentes sobre o que fazer em Canela<\/h2>\n\n\n\n<h3 class=\"wp-block-heading\">O que fazer em Canela RS?<\/h3>\n\n\n\n<p class=\"wp-block-paragraph\">Em Canela, as principais atra\u00e7\u00f5es s\u00e3o o Parque do Caracol (cascata de 131 metros), a Catedral de Pedra, os Bondinhos A\u00e9reos, o Skyglass, o Alpen Park e os parques tem\u00e1ticos Terra M\u00e1gica Florybal, Mundo a Vapor, Space Adventure e Big Land, al\u00e9m das churrascarias com show folcl\u00f3rico.<\/p>\n\n\n\n<h3 class=\"wp-block-heading\">O que fazer em Canela de gra\u00e7a?<\/h3>\n\n\n\n<p class=\"wp-block-paragraph\">Em Canela, \u00e9 de gra\u00e7a visitar o interior da Catedral de Pedra, caminhar pelo centrinho e pela Pra\u00e7a Jo\u00e3o Corr\u00eaa, conhecer a Esta\u00e7\u00e3o Campos de Canella e apreciar a cidade iluminada \u00e0 noite. Somando tudo, d\u00e1 para preencher meio dia de passeio sem gastar com ingresso.<\/p>\n\n\n\n<h3 class=\"wp-block-heading\">Quantos dias preciso para conhecer Canela?<\/h3>\n\n\n\n<p class=\"wp-block-paragraph\">Para conhecer Canela, o ideal s\u00e3o 2 dias: um para o Parque do Caracol, Bondinhos e o centro com a Catedral de Pedra, e outro para os parques tem\u00e1ticos ou a linha de aventura (Alpen Park e Skyglass). Em 1 dia bem planejado, d\u00e1 para ver o essencial.<\/p>\n\n\n\n<h3 class=\"wp-block-heading\">Canela ou Gramado: qual \u00e9 melhor?<\/h3>\n\n\n\n<p class=\"wp-block-paragraph\">Gramado e Canela se completam \u2014 ficam a 8 km uma da outra. Gramado concentra gastronomia, compras e grandes eventos como o Natal Luz; Canela re\u00fane as atra\u00e7\u00f5es de natureza e aventura, como o Parque do Caracol e o Skyglass. O roteiro ideal em 2026 combina as duas cidades.<\/p>\n\n\n\n<h3 class=\"wp-block-heading\">O que fazer em Canela com crian\u00e7a?<\/h3>\n\n\n\n<p class=\"wp-block-paragraph\">Em Canela, com crian\u00e7as, os melhores passeios s\u00e3o a Terra M\u00e1gica Florybal (dinossauros e personagens), o Big Land (objetos gigantes), o Mundo a Vapor, o Space Adventure e o Parquinho Serelepe dentro do Parque do Caracol. Todos funcionam bem para fam\u00edlias em 2026.<\/p>\n\n\n\n<h3 class=\"wp-block-heading\">O que fazer em Canela com chuva?<\/h3>\n\n\n\n<p class=\"wp-block-paragraph\">Em Canela, com chuva, os melhores programas s\u00e3o os parques cobertos Space Adventure, Mundo a Vapor e Big Land, o interior da Catedral de Pedra, o caf\u00e9 colonial e os jantares com show folcl\u00f3rico. O Parque do Caracol e o Alpen Park, ao ar livre, ficam para o dia seco.<\/p>\n\n\n\n<h3 class=\"wp-block-heading\">Qual \u00e9 o cupom de desconto das atra\u00e7\u00f5es de Canela?<\/h3>\n\n\n\n<p class=\"wp-block-paragraph\">O cupom de desconto das atra\u00e7\u00f5es de Canela \u00e9 o OVIAJANTE, divulgado pelo site viajepragramado.com.br e v\u00e1lido no site oficial de cada atrativo parceiro. Ele garante at\u00e9 40% de desconto em parques, passeios, restaurantes e hot\u00e9is de Gramado e Canela em 2026.<\/p>\n\n\n\n<h3 class=\"wp-block-heading\">Canela vale a pena?<\/h3>\n\n\n\n<p class=\"wp-block-paragraph\">Sim, Canela vale muito a pena. A cidade re\u00fane as principais atra\u00e7\u00f5es de natureza da Serra Ga\u00facha \u2014 Cascata do Caracol, Vale da Ferradura, Skyglass \u2014 e parques tem\u00e1ticos \u00fanicos, a 8 km de Gramado. Com 2 dias e o cupom OVIAJANTE, o roteiro fica completo e mais barato.<\/p>\n\n\n\n<h2 class=\"wp-block-heading\">Monte seu roteiro em Canela pagando menos<\/h2>\n\n\n\n<p class=\"wp-block-paragraph\">Agora voc\u00ea tem o mapa completo: 15 atra\u00e7\u00f5es, o que \u00e9 de gra\u00e7a, onde comer e roteiros prontos de 1 e 2 dias em Canela.<\/p>\n\n\n\n<p class=\"wp-block-paragraph\">O \u00faltimo passo \u00e9 economizar: o cupom <strong>OVIAJANTE<\/strong> garante at\u00e9 40% de desconto em parques, restaurantes e hot\u00e9is de Gramado e Canela \u2014 em quase todas as atra\u00e7\u00f5es deste guia, o link j\u00e1 leva voc\u00ea com o desconto aplicado.<\/p>\n\n\n\n<p class=\"wp-block-paragraph\"><a href=\"https:\/\/viajepragramado.com.br\/es\/cupones-de-descuento\/\"><strong>\u2192 Ver todos os cupons de desconto de Gramado e Canela<\/strong><\/a><\/p>\n\n\n<div class=\"kk-star-ratings kksr-auto kksr-align-left kksr-valign-bottom\"\n    data-payload='{&quot;align&quot;:&quot;left&quot;,&quot;id&quot;:&quot;31465&quot;,&quot;slug&quot;:&quot;default&quot;,&quot;valign&quot;:&quot;bottom&quot;,&quot;ignore&quot;:&quot;&quot;,&quot;reference&quot;:&quot;auto&quot;,&quot;class&quot;:&quot;&quot;,&quot;count&quot;:&quot;0&quot;,&quot;legendonly&quot;:&quot;&quot;,&quot;readonly&quot;:&quot;&quot;,&quot;score&quot;:&quot;0&quot;,&quot;starsonly&quot;:&quot;&quot;,&quot;best&quot;:&quot;5&quot;,&quot;gap&quot;:&quot;5&quot;,&quot;greet&quot;:&quot;Vote Aqui&quot;,&quot;legend&quot;:&quot;0\\\/5 - (0 votes)&quot;,&quot;size&quot;:&quot;24&quot;,&quot;title&quot;:&quot;O Que Fazer em Canela: 15 Atra\u00e7\u00f5es Imperd\u00edveis por Quem Mora na Serra (2026)&quot;,&quot;width&quot;:&quot;0&quot;,&quot;_legend&quot;:&quot;{score}\\\/{best} - ({count} {votes})&quot;,&quot;font_factor&quot;:&quot;1.25&quot;}'>\n            \n<div class=\"kksr-stars\">\n    \n<div class=\"kksr-stars-inactive\">\n            <div class=\"kksr-star\" data-star=\"1\" style=\"padding-right: 5px\">\n            \n\n<div class=\"kksr-icon\" style=\"width: 24px; height: 24px;\"><\/div>\n        <\/div>\n            <div class=\"kksr-star\" data-star=\"2\" style=\"padding-right: 5px\">\n            \n\n<div class=\"kksr-icon\" style=\"width: 24px; height: 24px;\"><\/div>\n        <\/div>\n            <div class=\"kksr-star\" data-star=\"3\" style=\"padding-right: 5px\">\n            \n\n<div class=\"kksr-icon\" style=\"width: 24px; height: 24px;\"><\/div>\n        <\/div>\n            <div class=\"kksr-star\" data-star=\"4\" style=\"padding-right: 5px\">\n            \n\n<div class=\"kksr-icon\" style=\"width: 24px; height: 24px;\"><\/div>\n        <\/div>\n            <div class=\"kksr-star\" data-star=\"5\" style=\"padding-right: 5px\">\n            \n\n<div class=\"kksr-icon\" style=\"width: 24px; height: 24px;\"><\/div>\n        <\/div>\n    <\/div>\n    \n<div class=\"kksr-stars-active\" style=\"width: 0px;\">\n            <div class=\"kksr-star\" style=\"padding-right: 5px\">\n            \n\n<div class=\"kksr-icon\" style=\"width: 24px; height: 24px;\"><\/div>\n        <\/div>\n            <div class=\"kksr-star\" style=\"padding-right: 5px\">\n            \n\n<div class=\"kksr-icon\" style=\"width: 24px; height: 24px;\"><\/div>\n        <\/div>\n            <div class=\"kksr-star\" style=\"padding-right: 5px\">\n            \n\n<div class=\"kksr-icon\" style=\"width: 24px; height: 24px;\"><\/div>\n        <\/div>\n            <div class=\"kksr-star\" style=\"padding-right: 5px\">\n            \n\n<div class=\"kksr-icon\" style=\"width: 24px; height: 24px;\"><\/div>\n        <\/div>\n            <div class=\"kksr-star\" style=\"padding-right: 5px\">\n            \n\n<div class=\"kksr-icon\" style=\"width: 24px; height: 24px;\"><\/div>\n        <\/div>\n    <\/div>\n<\/div>\n                \n\n<div class=\"kksr-legend\" style=\"font-size: 19.2px;\">\n            <span class=\"kksr-muted\">Vote aqu\u00ed<\/span>\n    <\/div>\n    <\/div>","protected":false},"excerpt":{"rendered":"<p>O que fazer em Canela: as 15 melhores atra\u00e7\u00f5es por quem mora na Serra \u2014 Parque do Caracol, Catedral de Pedra, Skyglass, parques tem\u00e1ticos, onde comer, o que \u00e9 de gra\u00e7a e roteiros prontos de 1 e 2 dias com at\u00e9 40% OFF no cupom OVIAJANTE.<\/p>","protected":false},"author":1,"featured_media":31472,"comment_status":"open","ping_status":"open","sticky":false,"template":"","format":"standard","meta":{"footnotes":""},"categories":[153],"tags":[594,92,624,499,520,564,626,625],"class_list":["post-31465","post","type-post","status-publish","format-standard","has-post-thumbnail","hentry","category-dicas","tag-alpen-park","tag-canela","tag-catedral-de-pedra","tag-cupom-oviajante","tag-o-que-fazer-em-canela","tag-parque-do-caracol","tag-roteiro-canela","tag-skyglass-canela"],"featured_image_src":"https:\/\/viajepragramado.com.br\/wp-content\/uploads\/2026\/09\/O-Que-Fazer-em-Canela.jpg","author_info":{"display_name":"Jonatas Kapczynski","author_link":"https:\/\/viajepragramado.com.br\/es\/author\/jonatas\/"},"_links":{"self":[{"href":"https:\/\/viajepragramado.com.br\/es\/wp-json\/wp\/v2\/posts\/31465","targetHints":{"allow":["GET"]}}],"collection":[{"href":"https:\/\/viajepragramado.com.br\/es\/wp-json\/wp\/v2\/posts"}],"about":[{"href":"https:\/\/viajepragramado.com.br\/es\/wp-json\/wp\/v2\/types\/post"}],"author":[{"embeddable":true,"href":"https:\/\/viajepragramado.com.br\/es\/wp-json\/wp\/v2\/users\/1"}],"replies":[{"embeddable":true,"href":"https:\/\/viajepragramado.com.br\/es\/wp-json\/wp\/v2\/comments?post=31465"}],"version-history":[{"count":2,"href":"https:\/\/viajepragramado.com.br\/es\/wp-json\/wp\/v2\/posts\/31465\/revisions"}],"predecessor-version":[{"id":31474,"href":"https:\/\/viajepragramado.com.br\/es\/wp-json\/wp\/v2\/posts\/31465\/revisions\/31474"}],"wp:featuredmedia":[{"embeddable":true,"href":"https:\/\/viajepragramado.com.br\/es\/wp-json\/wp\/v2\/media\/31472"}],"wp:attachment":[{"href":"https:\/\/viajepragramado.com.br\/es\/wp-json\/wp\/v2\/media?parent=31465"}],"wp:term":[{"taxonomy":"category","embeddable":true,"href":"https:\/\/viajepragramado.com.br\/es\/wp-json\/wp\/v2\/categories?post=31465"},{"taxonomy":"post_tag","embeddable":true,"href":"https:\/\/viajepragramado.com.br\/es\/wp-json\/wp\/v2\/tags?post=31465"}],"curies":[{"name":"wp","href":"https:\/\/api.w.org\/{rel}","templated":true}]}}