{"id":31479,"date":"2026-09-04T06:00:00","date_gmt":"2026-09-04T09:00:00","guid":{"rendered":"https:\/\/viajepragramado.com.br\/"},"modified":"2026-09-04T12:18:32","modified_gmt":"2026-09-04T15:18:32","slug":"gramado-em-novembro","status":"publish","type":"post","link":"https:\/\/viajepragramado.com.br\/es\/gramado-em-novembro\/","title":{"rendered":"Gramado em Novembro 2026: Natal Luz Sem Filas, Primavera e Pre\u00e7os de M\u00e9dia Temporada"},"content":{"rendered":"<p class=\"wp-block-paragraph\">Vai viajar para Gramado em novembro e quer saber se \u00e9 uma boa \u00e9poca? Resposta curta de quem mora aqui: \u00e9 uma das mais espertas do ano inteiro.<\/p>\n\n\n\n<p class=\"wp-block-paragraph\">Olha s\u00f3 o que novembro junta: o Natal Luz j\u00e1 rodando a todo vapor, pre\u00e7os que ainda n\u00e3o subiram para o patamar de dezembro e a primavera no auge \u2014 com as hort\u00eansias florindo pela cidade.<\/p>\n\n\n\n<p class=\"wp-block-paragraph\">Neste guia voc\u00ea encontra tudo sobre Gramado em novembro: como fica o clima, quanto custa, a programa\u00e7\u00e3o do Natal Luz no m\u00eas, o que fazer, o que levar na mala e como economizar com o cupom OVIAJANTE.<\/p>\n\n\n\n<p class=\"wp-block-paragraph\">Se ainda est\u00e1 fechando os detalhes, vale complementar com o nosso <a href=\"https:\/\/viajepragramado.com.br\/es\/como-planificar-un-viaje-a-gramado\/\">guia completo de como planejar viagem para Gramado<\/a>.<\/p>\n\n\n\n<h2 class=\"wp-block-heading\">Lo esencial en 30 segundos<\/h2>\n\n\n\n<ul class=\"wp-block-list\">\n<li><strong>Melhor motivo:<\/strong> novembro tem a mesma programa\u00e7\u00e3o do Natal Luz de dezembro \u2014 com menos filas e hot\u00e9is mais baratos.<\/li>\n\n\n\n<li><strong>Clima:<\/strong> primavera plena, com tardes agrad\u00e1veis e noites amenas; leve casaco leve e capa de chuva.<\/li>\n\n\n\n<li><strong>Precios:<\/strong> di\u00e1rias e restaurantes ainda em patamar de m\u00e9dia temporada \u2014 dezembro \u00e9 o pico do ano.<\/li>\n\n\n\n<li><strong>Espet\u00e1culos:<\/strong> Grande Desfile no Expogramado \u2014 espa\u00e7o coberto, acontece com chuva ou sol \u2014 e Nativitaten a c\u00e9u aberto no Serra Park, os dois \u00e0s 20h na maioria das datas.<\/li>\n\n\n\n<li><strong>B\u00f4nus da esta\u00e7\u00e3o:<\/strong> as hort\u00eansias, s\u00edmbolo da Serra, florescem entre outubro e dezembro.<\/li>\n\n\n\n<li><strong>Econom\u00eda:<\/strong> cup\u00f3n <strong>OVIAJANTE<\/strong> com 15% OFF nos ingressos do Natal Luz e at\u00e9 40% em atra\u00e7\u00f5es de Gramado e Canela.<\/li>\n<\/ul>\n\n\n\n<p class=\"wp-block-paragraph\"><em>Transpar\u00eancia: este guia cont\u00e9m links de parceria. O Viaje pra Gramado tem acordo com a Parksnet e com parte das atra\u00e7\u00f5es, hot\u00e9is e restaurantes de Gramado e Canela e pode receber comiss\u00e3o pelas compras feitas pelos links com o cupom OVIAJANTE \u2014 voc\u00ea paga o mesmo pre\u00e7o ou menos, com o desconto aplicado quando houver. Nem tudo o que indicamos \u00e9 parceiro: o Pal\u00e1cio dos Festivais e a programa\u00e7\u00e3o gratuita do Natal Luz, por exemplo, n\u00e3o t\u00eam venda por afiliado e est\u00e3o nesta lista mesmo assim.<\/em><\/p>\n\n\n\n<h2 class=\"wp-block-heading\">Como \u00e9 o clima de Gramado em novembro?<\/h2>\n\n\n\n<figure class=\"wp-block-image size-full is-resized\"><img fetchpriority=\"high\" decoding=\"async\" width=\"1250\" height=\"750\" src=\"https:\/\/viajepragramado.com.br\/wp-content\/uploads\/2026\/08\/Gramado.jpg\" alt=\"Rua central de Gramado com arquitetura enxaimel e decora\u00e7\u00e3o do Natal Luz durante o dia\" class=\"wp-image-31009\" style=\"width:400px;height:auto\" title=\"\" srcset=\"https:\/\/viajepragramado.com.br\/wp-content\/uploads\/2026\/08\/Gramado.jpg 1250w, https:\/\/viajepragramado.com.br\/wp-content\/uploads\/2026\/08\/Gramado-768x460.jpg 768w, https:\/\/viajepragramado.com.br\/wp-content\/uploads\/2026\/08\/Gramado-18x12.jpg 18w, https:\/\/viajepragramado.com.br\/wp-content\/uploads\/2026\/08\/Gramado-600x360.jpg 600w\" sizes=\"(max-width: 1250px) 100vw, 1250px\" \/><\/figure>\n\n\n\n<p class=\"wp-block-paragraph\">Novembro \u00e9 primavera plena na Serra Ga\u00facha. As tardes costumam ficar entre 20\u00b0C e 26\u00b0C, e as noites s\u00e3o amenas \u2014 em m\u00e9dia na casa dos 12\u00b0C a 15\u00b0C, bem mais suaves que o frio de inverno.<\/p>\n\n\n\n<p class=\"wp-block-paragraph\">Pero hay un detalle importante:<\/p>\n\n\n\n<p class=\"wp-block-paragraph\">Primavera na Serra tamb\u00e9m \u00e9 \u00e9poca de pancadas de chuva. Elas costumam ser passageiras, mas vale montar o roteiro com um plano B coberto \u2014 temos um guia inteiro de <a href=\"https:\/\/viajepragramado.com.br\/es\/que-hacer-en-gramado-cuando-llueve-3\/\">qu\u00e9 hacer en Gramado cuando llueve<\/a> para isso.<\/p>\n\n\n\n<p class=\"wp-block-paragraph\">E o b\u00f4nus visual da \u00e9poca: novembro pega a flora\u00e7\u00e3o das hort\u00eansias, que pintam de azul os canteiros e estradas da regi\u00e3o. As fotos na Avenida das Hort\u00eansias fazem jus ao nome.<\/p>\n\n\n\n<h2 class=\"wp-block-heading\">Gramado em novembro \u00e9 caro? Como ficam os pre\u00e7os<\/h2>\n\n\n\n<p class=\"wp-block-paragraph\">Aqui est\u00e1 o segredo que faz novembro valer tanto a pena:<\/p>\n\n\n\n<p class=\"wp-block-paragraph\">A cidade j\u00e1 est\u00e1 100% no clima de Natal, mas os pre\u00e7os ainda n\u00e3o est\u00e3o no pico. Dezembro concentra a alta temporada m\u00e1xima do ano \u2014 f\u00e9rias escolares, festas e a maior procura por hot\u00e9is. Em novembro, voc\u00ea encontra di\u00e1rias mais baixas, restaurantes com reserva mais f\u00e1cil e espet\u00e1culos com boa disponibilidade de setores.<\/p>\n\n\n\n<p class=\"wp-block-paragraph\">Na pr\u00e1tica: mesma cidade decorada, mesma programa\u00e7\u00e3o, conta menor. E com o cupom OVIAJANTE aplicado em hot\u00e9is, atra\u00e7\u00f5es e restaurantes parceiros, a economia da viagem inteira cresce ainda mais \u2014 veja a lista na nossa <a href=\"https:\/\/viajepragramado.com.br\/es\/cupones-de-descuento\/\">p\u00e1gina de cupones de descuento<\/a>.<\/p>\n\n\n\n<h3 class=\"wp-block-heading\">Novembro x dezembro em Gramado: a compara\u00e7\u00e3o direta<\/h3>\n\n\n\n<figure class=\"wp-block-table\"><table><thead><tr><th>O que muda<\/th><th>Noviembre<\/th><th>Diciembre<\/th><\/tr><\/thead><tbody><tr><td>Programa\u00e7\u00e3o do Natal Luz<\/td><td>Completa, todos os espet\u00e1culos em cartaz<\/td><td>Completa, exatamente a mesma<\/td><\/tr><tr><td>Pre\u00e7o de tabela dos espet\u00e1culos<\/td><td>O mesmo<\/td><td>O mesmo<\/td><\/tr><tr><td>Di\u00e1rias de hotel<\/td><td>M\u00e9dia temporada<\/td><td>Pico do ano<\/td><\/tr><tr><td>Disponibilidade dos melhores setores<\/td><td>Boa<\/td><td>Restrita<\/td><\/tr><tr><td>Colas en los parques<\/td><td>Menores<\/td><td>Maiores, com as f\u00e9rias escolares<\/td><\/tr><tr><td>Reserva em restaurante<\/td><td>Tranquila<\/td><td>Com dias de anteced\u00eancia<\/td><\/tr><tr><td>Pico de movimento<\/td><td>S\u00f3 nos fins de semana e no feriad\u00e3o de 20\/11<\/td><td>O m\u00eas inteiro<\/td><\/tr><\/tbody><\/table><\/figure>\n\n\n\n<h3 class=\"wp-block-heading\">Quanto custam os ingressos do Natal Luz<\/h3>\n\n\n\n<p class=\"wp-block-paragraph\">O pre\u00e7o dos espet\u00e1culos \u00e9 o mesmo em novembro e em dezembro \u2014 o que muda \u00e9 a chance de ainda encontrar os melhores setores. Estes s\u00e3o os valores de inteira da 41\u00aa edi\u00e7\u00e3o, segundo a tiqueteira oficial (consultados em setembro de 2026):<\/p>\n\n\n\n<figure class=\"wp-block-table\"><table><thead><tr><th>Mostrar<\/th><th>Ubicaci\u00f3n<\/th><th>Setores (inteira)<\/th><\/tr><\/thead><tbody><tr><td>El gran desfile de Navidad<\/td><td>Expogramado (coberto)<\/td><td>Arquibancada R$ 420 \u00b7 Cadeira de Pista R$ 520 \u00b7 Passaporte Experience R$ 900<\/td><\/tr><tr><td>Nativitaten<\/td><td>Serra Park (a c\u00e9u aberto)<\/td><td>Prata R$ 360 \u00b7 Ouro R$ 420 \u00b7 VIP R$ 520<\/td><\/tr><tr><td>El brillo de la Navidad<\/td><td>Palacio de los Festivales<\/td><td>Mezanino R$ 120 \u00b7 Plateia Lateral R$ 240 \u00b7 Plateia Central R$ 300 \u00b7 Plateia VIP R$ 380<\/td><\/tr><\/tbody><\/table><\/figure>\n\n\n\n<p class=\"wp-block-paragraph\">O Grande Desfile e o Nativitaten tamb\u00e9m t\u00eam setor TEA (R$ 210 e R$ 180, respectivamente), com estrutura acolhedora para pessoas com Transtorno do Espectro Autista e acompanhantes.<\/p>\n\n\n\n<p class=\"wp-block-paragraph\">Sobre desconto: a tiqueteira oficial aplica 10% de antecipa\u00e7\u00e3o sobre a inteira at\u00e9 30 de setembro. Com o cupom <strong>OVIAJANTE<\/strong> na Parksnet, o desconto \u00e9 de <strong>15%<\/strong> nos ingressos do Natal Luz.<\/p>\n\n\n\n<h2 class=\"wp-block-heading\">Natal Luz em novembro: o melhor custo-benef\u00edcio da temporada<\/h2>\n\n\n\n<figure class=\"wp-block-image size-full is-resized\"><img decoding=\"async\" width=\"1250\" height=\"750\" src=\"https:\/\/viajepragramado.com.br\/wp-content\/uploads\/2026\/06\/Nativitaten-2026-1.jpg\" alt=\"Casal caracterizado como Papai Noel e Mam\u00e3e Noel em cena do espet\u00e1culo Nativitaten, em Gramado\" class=\"wp-image-30625\" style=\"width:400px;height:auto\" title=\"\" srcset=\"https:\/\/viajepragramado.com.br\/wp-content\/uploads\/2026\/06\/Nativitaten-2026-1.jpg 1250w, https:\/\/viajepragramado.com.br\/wp-content\/uploads\/2026\/06\/Nativitaten-2026-1-768x460.jpg 768w, https:\/\/viajepragramado.com.br\/wp-content\/uploads\/2026\/06\/Nativitaten-2026-1-18x12.jpg 18w, https:\/\/viajepragramado.com.br\/wp-content\/uploads\/2026\/06\/Nativitaten-2026-1-600x360.jpg 600w\" sizes=\"(max-width: 1250px) 100vw, 1250px\" \/><\/figure>\n\n\n\n<p class=\"wp-block-paragraph\">A 41\u00aa edi\u00e7\u00e3o do <a href=\"https:\/\/www.natalluzdegramado.com.br\/\" target=\"_blank\" rel=\"noopener nofollow\">Luces navide\u00f1as<\/a>, segundo o site oficial do evento, come\u00e7a em 22 de outubro de 2026 e vai at\u00e9 17 de janeiro de 2027 \u2014 ou seja, novembro pega o evento inteiro em cartaz:<\/p>\n\n\n\n<ul class=\"wp-block-list\">\n<li><strong>El gran desfile de Navidad<\/strong> \u2014 no <a href=\"https:\/\/www.natalluzdegramado.com.br\/atracoes\/grande-desfile-de-natal\" target=\"_blank\" rel=\"noopener nofollow\">Expogramado<\/a> (Av. Borges de Medeiros, 4111), \u00e0s 20h. Voltou a ser realizado em <strong>espa\u00e7o coberto<\/strong>: acontece com chuva ou sol \u2014 um trunfo e tanto na primavera. Em novembro, a maioria das sess\u00f5es cai em quartas, sextas e domingos, mas h\u00e1 datas em outros dias.<\/li>\n\n\n\n<li><strong>Nativitaten<\/strong> \u2014 no Serra Park, \u00e0s 20h, a c\u00e9u aberto sobre as \u00e1guas do lago. Em novembro concentra-se em quintas e s\u00e1bados, com algumas datas extras no meio da semana.<\/li>\n\n\n\n<li><strong>El brillo de la Navidad y \u00abNatal Luz in Concert\u00bb<\/strong> \u2014 as estreias de 2026, no Pal\u00e1cio dos Festivais. O Brilho tem sess\u00f5es quase di\u00e1rias em novembro, \u00e0s 15h e \u00e0s 18h; o In Concert acontece \u00e0s segundas, \u00e0s 21h.<\/li>\n\n\n\n<li><strong>Atra\u00e7\u00f5es gratuitas todos os dias<\/strong> \u2014 Acendimento das Luzes \u00e0s 20h, Vila de Natal das 9h \u00e0s 21h e shows na Rua Coberta.<\/li>\n<\/ul>\n\n\n\n<p class=\"wp-block-paragraph\">\u00bfLa buena noticia?<\/p>\n\n\n\n<p class=\"wp-block-paragraph\">Em novembro, os espet\u00e1culos t\u00eam menos disputa por ingresso e por lugar do que em dezembro. Veja os dias de cada show no nosso guia da <a href=\"https:\/\/viajepragramado.com.br\/es\/programacao-natal-luz-gramado-2026\/\">programa\u00e7\u00e3o do Natal Luz 2026<\/a> \u2014 e se quiser montar dias inteiros sem gastar com ingresso, temos o roteiro do <a href=\"https:\/\/viajepragramado.com.br\/es\/natal-luz-gramado-2026-de-graca\/\">Natal Luz de gra\u00e7a<\/a>.<\/p>\n\n\n\n<p class=\"wp-block-paragraph\"><a href=\"https:\/\/parksnet.com.br\/destino\/serra-gaucha\/o-grande-desfile-de-natal?bookingAgency=21&amp;cupom=OVIAJANTE&amp;utm_source=Afiliado05\" target=\"_blank\" rel=\"nofollow sponsored noopener\"><strong>\u2192 Grande Desfile com 15% OFF (cupom OVIAJANTE j\u00e1 aplicado)<\/strong><\/a><\/p>\n\n\n\n<p class=\"wp-block-paragraph\"><a href=\"https:\/\/parksnet.com.br\/ingressos\/natal-luz?ingToken=nativitaten&amp;bookingAgency=21&amp;cupom=OVIAJANTE&amp;utm_source=Afiliado05\" target=\"_blank\" rel=\"nofollow sponsored noopener\"><strong>\u2192 Nativitaten com 15% OFF (cupom OVIAJANTE j\u00e1 aplicado)<\/strong><\/a><\/p>\n\n\n\n<h2 class=\"wp-block-heading\">O que fazer em Gramado em novembro al\u00e9m do Natal Luz<\/h2>\n\n\n\n<ul class=\"wp-block-list\">\n<li><strong>Parques e atra\u00e7\u00f5es cl\u00e1ssicas<\/strong> \u2014 com a cidade menos cheia, \u00e9 o m\u00eas perfeito para Snowland, Mini Mundo, Super Carros e os parques de Canela, com filas menores que nas f\u00e9rias.<\/li>\n\n\n\n<li><strong>Passeios ao ar livre<\/strong> \u2014 o clima de primavera favorece Lago Negro, Parque do Caracol e os mirantes da regi\u00e3o, programas que sofrem no frio e na chuva de inverno.<\/li>\n\n\n\n<li><strong>Gastronomia sem fila<\/strong> \u2014 fondues, caf\u00e9s coloniais e jantares com show ainda com reserva tranquila; em dezembro, os concorridos lotam com dias de anteced\u00eancia.<\/li>\n\n\n\n<li><strong>Bate-volta a Canela<\/strong> \u2014 aproveite um dia para a vizinha: montamos um <a href=\"https:\/\/viajepragramado.com.br\/es\/o-que-fazer-em-canela\/\">guia completo do que fazer em Canela<\/a>.<\/li>\n\n\n\n<li><strong>Fotos com as hort\u00eansias<\/strong> \u2014 a flora\u00e7\u00e3o da primavera \u00e9 o cen\u00e1rio mais bonito do ano para quem gosta de registrar a viagem.<\/li>\n<\/ul>\n\n\n\n<h2 class=\"wp-block-heading\">O que levar na mala para Gramado em novembro<\/h2>\n\n\n\n<figure class=\"wp-block-image size-full is-resized\"><img decoding=\"async\" width=\"1280\" height=\"750\" src=\"https:\/\/viajepragramado.com.br\/wp-content\/uploads\/2026\/06\/O-que-levar-na-mala-para-Gramado-no-inverno.jpg\" alt=\"Mala aberta sobre a cama com casaco leve e roupas separadas para a viagem a Gramado na primavera\" class=\"wp-image-30488\" style=\"width:400px;height:auto\" title=\"\" srcset=\"https:\/\/viajepragramado.com.br\/wp-content\/uploads\/2026\/06\/O-que-levar-na-mala-para-Gramado-no-inverno.jpg 1280w, https:\/\/viajepragramado.com.br\/wp-content\/uploads\/2026\/06\/O-que-levar-na-mala-para-Gramado-no-inverno-768x449.jpg 768w, https:\/\/viajepragramado.com.br\/wp-content\/uploads\/2026\/06\/O-que-levar-na-mala-para-Gramado-no-inverno-18x12.jpg 18w, https:\/\/viajepragramado.com.br\/wp-content\/uploads\/2026\/06\/O-que-levar-na-mala-para-Gramado-no-inverno-600x351.jpg 600w\" sizes=\"(max-width: 1280px) 100vw, 1280px\" \/><\/figure>\n\n\n\n<ul class=\"wp-block-list\">\n<li><strong>Casaco leve ou de meia-esta\u00e7\u00e3o<\/strong> \u2014 as noites s\u00e3o amenas, mas os espet\u00e1culos ao ar livre (como o Nativitaten, \u00e0 beira do lago) pedem um agasalho.<\/li>\n\n\n\n<li><strong>Chubasquero o paraguas compacto<\/strong> \u2014 pancadas de primavera acontecem e passam r\u00e1pido.<\/li>\n\n\n\n<li><strong>Roupas leves para o dia<\/strong> \u2014 as tardes podem passar dos 25\u00b0C.<\/li>\n\n\n\n<li><strong>Cal\u00e7ado confort\u00e1vel<\/strong> \u2014 novembro \u00e9 m\u00eas de andar muito: centrinho, Vila de Natal, parques.<\/li>\n<\/ul>\n\n\n\n<h2 class=\"wp-block-heading\">Dicas de quem mora na Serra para novembro<\/h2>\n\n\n\n<ul class=\"wp-block-list\">\n<li><strong>Priorize os fins de semana com estrat\u00e9gia:<\/strong> os s\u00e1bados de novembro j\u00e1 enchem por causa do Nativitaten \u2014 se puder, assista aos espet\u00e1culos em dias de semana.<\/li>\n\n\n\n<li><strong>Feriado de 20 de novembro:<\/strong> desde a <a href=\"https:\/\/www.planalto.gov.br\/ccivil_03\/_ato2023-2026\/2023\/lei\/l14759.htm\" target=\"_blank\" rel=\"noopener nofollow\">Lei 14.759\/2023<\/a>, o Dia da Consci\u00eancia Negra \u00e9 feriado nacional e cria um feriad\u00e3o concorrido \u2014 reserve hotel e espet\u00e1culos com anteced\u00eancia extra nessa janela.<\/li>\n\n\n\n<li><strong>Compre os ingressos antes de viajar:<\/strong> mesmo em novembro, os melhores setores do Grande Desfile saem primeiro.<\/li>\n\n\n\n<li><strong>Monte noites alternadas:<\/strong> uma noite de espet\u00e1culo pago, outra com o roteiro gratuito (Acendimento + Rua Coberta) \u2014 a viagem rende mais e custa menos.<\/li>\n<\/ul>\n\n\n\n<h2 class=\"wp-block-heading\">Perguntas frequentes sobre Gramado em novembro<\/h2>\n\n\n\n<h3 class=\"wp-block-heading\">Gramado em novembro vale a pena?<\/h3>\n\n\n\n<p class=\"wp-block-paragraph\">Sim. Gramado em novembro de 2026 combina o Natal Luz em cartaz completo, clima de primavera e pre\u00e7os abaixo do pico de dezembro. \u00c9 considerado um dos melhores custo-benef\u00edcios do ano para conhecer a Serra Ga\u00facha com a cidade toda decorada.<\/p>\n\n\n\n<h3 class=\"wp-block-heading\">Como \u00e9 o clima de Gramado em novembro?<\/h3>\n\n\n\n<p class=\"wp-block-paragraph\">Em novembro, Gramado tem clima de primavera: tardes entre 20\u00b0C e 26\u00b0C e noites amenas, em m\u00e9dia entre 12\u00b0C e 15\u00b0C. Pancadas de chuva passageiras s\u00e3o comuns na esta\u00e7\u00e3o, ent\u00e3o vale levar casaco leve e capa de chuva na mala.<\/p>\n\n\n\n<h3 class=\"wp-block-heading\">Tem Natal Luz em Gramado em novembro?<\/h3>\n\n\n\n<p class=\"wp-block-paragraph\">Sim. Em novembro de 2026, o Natal Luz de Gramado est\u00e1 em cartaz completo: o Grande Desfile de Natal no Expogramado (espa\u00e7o coberto) e o Nativitaten a c\u00e9u aberto no Serra Park, os dois \u00e0s 20h; O Brilho do Natal e o Natal Luz in Concert no Pal\u00e1cio dos Festivais; e as atra\u00e7\u00f5es gratuitas di\u00e1rias, como o Acendimento das Luzes.<\/p>\n\n\n\n<h3 class=\"wp-block-heading\">Gramado em novembro \u00e9 mais barato que em dezembro?<\/h3>\n\n\n\n<p class=\"wp-block-paragraph\">Sim. Em novembro, os hot\u00e9is e restaurantes de Gramado ainda praticam pre\u00e7os de m\u00e9dia temporada, enquanto dezembro concentra o pico do ano. A programa\u00e7\u00e3o do Natal Luz \u00e9 a mesma \u2014 a diferen\u00e7a est\u00e1 nas di\u00e1rias mais baixas, nas filas menores e na disponibilidade de setores.<\/p>\n\n\n\n<h3 class=\"wp-block-heading\">Gramado em novembro tem flores?<\/h3>\n\n\n\n<p class=\"wp-block-paragraph\">Sim. Novembro pega a flora\u00e7\u00e3o das hort\u00eansias, s\u00edmbolo da Serra Ga\u00facha, que colorem os canteiros de Gramado e as estradas da regi\u00e3o entre outubro e dezembro. \u00c9 um dos cen\u00e1rios mais bonitos do ano para fotos, somado \u00e0 decora\u00e7\u00e3o do Natal Luz.<\/p>\n\n\n\n<h3 class=\"wp-block-heading\">Qual \u00e9 o cupom de desconto para Gramado em novembro?<\/h3>\n\n\n\n<p class=\"wp-block-paragraph\">O cupom de desconto para viajar a Gramado em novembro de 2026 \u00e9 o OVIAJANTE, divulgado pelo site viajepragramado.com.br. Ele garante 15% de desconto nos ingressos do Natal Luz na plataforma Parksnet e at\u00e9 40% em hot\u00e9is, parques e restaurantes de Gramado e Canela.<\/p>\n\n\n\n<h3 class=\"wp-block-heading\">Novembro \u00e9 alta temporada em Gramado?<\/h3>\n\n\n\n<p class=\"wp-block-paragraph\">Novembro \u00e9 considerado m\u00e9dia temporada em Gramado: a cidade j\u00e1 vive o Natal Luz, mas o grande pico de visitantes acontece em dezembro e nas f\u00e9rias de janeiro. As exce\u00e7\u00f5es em 2026 s\u00e3o os fins de semana e o feriad\u00e3o de 20 de novembro, que concentram mais movimento.<\/p>\n\n\n\n<h3 class=\"wp-block-heading\">Quantos dias ficar em Gramado em novembro?<\/h3>\n\n\n\n<p class=\"wp-block-paragraph\">Em novembro de 2026, o ideal s\u00e3o 4 dias em Gramado: dois para os espet\u00e1culos do Natal Luz (Grande Desfile e Nativitaten, em noites diferentes), um para os parques e atra\u00e7\u00f5es e um para conhecer Canela. Em 3 dias bem planejados, d\u00e1 para viver o essencial.<\/p>\n\n\n\n<h2 class=\"wp-block-heading\">Novembro \u00e9 a jogada inteligente da temporada<\/h2>\n\n\n\n<p class=\"wp-block-paragraph\">Recapitulando: Gramado em novembro entrega o Natal Luz completo, clima de primavera com hort\u00eansias floridas e pre\u00e7os que dezembro n\u00e3o ter\u00e1.<\/p>\n\n\n\n<p class=\"wp-block-paragraph\">Para fechar a conta ainda menor, use o cupom <strong>OVIAJANTE<\/strong>: 15% nos ingressos dos espet\u00e1culos e at\u00e9 40% em hot\u00e9is, parques e restaurantes de Gramado e Canela.<\/p>\n\n\n\n<p class=\"wp-block-paragraph\"><a href=\"https:\/\/viajepragramado.com.br\/es\/entradas-luces-de-navidad\/\"><strong>\u2192 Garantir os ingressos do Natal Luz com o cupom OVIAJANTE<\/strong><\/a><\/p>\n\n\n<div class=\"kk-star-ratings kksr-auto kksr-align-left kksr-valign-bottom\"\n    data-payload='{&quot;align&quot;:&quot;left&quot;,&quot;id&quot;:&quot;31479&quot;,&quot;slug&quot;:&quot;default&quot;,&quot;valign&quot;:&quot;bottom&quot;,&quot;ignore&quot;:&quot;&quot;,&quot;reference&quot;:&quot;auto&quot;,&quot;class&quot;:&quot;&quot;,&quot;count&quot;:&quot;1&quot;,&quot;legendonly&quot;:&quot;&quot;,&quot;readonly&quot;:&quot;&quot;,&quot;score&quot;:&quot;5&quot;,&quot;starsonly&quot;:&quot;&quot;,&quot;best&quot;:&quot;5&quot;,&quot;gap&quot;:&quot;5&quot;,&quot;greet&quot;:&quot;Vote Aqui&quot;,&quot;legend&quot;:&quot;5\\\/5 - (1 vote)&quot;,&quot;size&quot;:&quot;24&quot;,&quot;title&quot;:&quot;Gramado em Novembro 2026: Natal Luz Sem Filas, Primavera e Pre\u00e7os de M\u00e9dia Temporada&quot;,&quot;width&quot;:&quot;142.5&quot;,&quot;_legend&quot;:&quot;{score}\\\/{best} - ({count} {votes})&quot;,&quot;font_factor&quot;:&quot;1.25&quot;}'>\n            \n<div class=\"kksr-stars\">\n    \n<div class=\"kksr-stars-inactive\">\n            <div class=\"kksr-star\" data-star=\"1\" style=\"padding-right: 5px\">\n            \n\n<div class=\"kksr-icon\" style=\"width: 24px; height: 24px;\"><\/div>\n        <\/div>\n            <div class=\"kksr-star\" data-star=\"2\" style=\"padding-right: 5px\">\n            \n\n<div class=\"kksr-icon\" style=\"width: 24px; height: 24px;\"><\/div>\n        <\/div>\n            <div class=\"kksr-star\" data-star=\"3\" style=\"padding-right: 5px\">\n            \n\n<div class=\"kksr-icon\" style=\"width: 24px; height: 24px;\"><\/div>\n        <\/div>\n            <div class=\"kksr-star\" data-star=\"4\" style=\"padding-right: 5px\">\n            \n\n<div class=\"kksr-icon\" style=\"width: 24px; height: 24px;\"><\/div>\n        <\/div>\n            <div class=\"kksr-star\" data-star=\"5\" style=\"padding-right: 5px\">\n            \n\n<div class=\"kksr-icon\" style=\"width: 24px; height: 24px;\"><\/div>\n        <\/div>\n    <\/div>\n    \n<div class=\"kksr-stars-active\" style=\"width: 142.5px;\">\n            <div class=\"kksr-star\" style=\"padding-right: 5px\">\n            \n\n<div class=\"kksr-icon\" style=\"width: 24px; height: 24px;\"><\/div>\n        <\/div>\n            <div class=\"kksr-star\" style=\"padding-right: 5px\">\n            \n\n<div class=\"kksr-icon\" style=\"width: 24px; height: 24px;\"><\/div>\n        <\/div>\n            <div class=\"kksr-star\" style=\"padding-right: 5px\">\n            \n\n<div class=\"kksr-icon\" style=\"width: 24px; height: 24px;\"><\/div>\n        <\/div>\n            <div class=\"kksr-star\" style=\"padding-right: 5px\">\n            \n\n<div class=\"kksr-icon\" style=\"width: 24px; height: 24px;\"><\/div>\n        <\/div>\n            <div class=\"kksr-star\" style=\"padding-right: 5px\">\n            \n\n<div class=\"kksr-icon\" style=\"width: 24px; height: 24px;\"><\/div>\n        <\/div>\n    <\/div>\n<\/div>\n                \n\n<div class=\"kksr-legend\" style=\"font-size: 19.2px;\">\n            5\/5 - (1 voto)    <\/div>\n    <\/div>","protected":false},"excerpt":{"rendered":"<p>Gramado em novembro 2026 junta o Natal Luz completo, clima de primavera com hort\u00eansias floridas e pre\u00e7os abaixo do pico de dezembro. Veja o clima, a programa\u00e7\u00e3o, o que levar na mala e economize com o cupom OVIAJANTE.<\/p>","protected":false},"author":1,"featured_media":31490,"comment_status":"open","ping_status":"open","sticky":false,"template":"","format":"standard","meta":{"footnotes":""},"categories":[153],"tags":[630,499,91,627,125,614,628,629],"class_list":["post-31479","post","type-post","status-publish","format-standard","has-post-thumbnail","hentry","category-dicas","tag-baixa-temporada","tag-cupom-oviajante","tag-gramado","tag-gramado-em-novembro","tag-natal-luz","tag-natal-luz-2026","tag-primavera-na-serra","tag-quando-ir-a-gramado"],"featured_image_src":"https:\/\/viajepragramado.com.br\/wp-content\/uploads\/2026\/09\/Gramado-em-Novembro-2026.jpg","author_info":{"display_name":"Jonatas Kapczynski","author_link":"https:\/\/viajepragramado.com.br\/es\/author\/jonatas\/"},"_links":{"self":[{"href":"https:\/\/viajepragramado.com.br\/es\/wp-json\/wp\/v2\/posts\/31479","targetHints":{"allow":["GET"]}}],"collection":[{"href":"https:\/\/viajepragramado.com.br\/es\/wp-json\/wp\/v2\/posts"}],"about":[{"href":"https:\/\/viajepragramado.com.br\/es\/wp-json\/wp\/v2\/types\/post"}],"author":[{"embeddable":true,"href":"https:\/\/viajepragramado.com.br\/es\/wp-json\/wp\/v2\/users\/1"}],"replies":[{"embeddable":true,"href":"https:\/\/viajepragramado.com.br\/es\/wp-json\/wp\/v2\/comments?post=31479"}],"version-history":[{"count":16,"href":"https:\/\/viajepragramado.com.br\/es\/wp-json\/wp\/v2\/posts\/31479\/revisions"}],"predecessor-version":[{"id":31693,"href":"https:\/\/viajepragramado.com.br\/es\/wp-json\/wp\/v2\/posts\/31479\/revisions\/31693"}],"wp:featuredmedia":[{"embeddable":true,"href":"https:\/\/viajepragramado.com.br\/es\/wp-json\/wp\/v2\/media\/31490"}],"wp:attachment":[{"href":"https:\/\/viajepragramado.com.br\/es\/wp-json\/wp\/v2\/media?parent=31479"}],"wp:term":[{"taxonomy":"category","embeddable":true,"href":"https:\/\/viajepragramado.com.br\/es\/wp-json\/wp\/v2\/categories?post=31479"},{"taxonomy":"post_tag","embeddable":true,"href":"https:\/\/viajepragramado.com.br\/es\/wp-json\/wp\/v2\/tags?post=31479"}],"curies":[{"name":"wp","href":"https:\/\/api.w.org\/{rel}","templated":true}]}}